{"id":665,"date":"2018-03-17T11:46:30","date_gmt":"2018-03-17T10:46:30","guid":{"rendered":"http:\/\/jbo-thum.de\/thumer-orchestertreff\/am-25-mai-geht-es-wieder-rund-in-thum\/"},"modified":"2018-03-17T13:00:03","modified_gmt":"2018-03-17T12:00:03","slug":"am-25-mai-geht-es-wieder-rund-in-thum","status":"publish","type":"post","link":"https:\/\/jbo-thum.de\/thumer-orchestertreff\/am-25-mai-geht-es-wieder-rund-in-thum\/","title":{"rendered":"Am 25. Mai geht es wieder Rund in Thum"},"content":{"rendered":"<p>Thumer Orchestertreff hat JUVENKA Bezdru\u017eices Veranstaltung geteilt.<\/p>\n<div class=\"fbfpi_link\">\n<div class=\"fbfpi_image\"><a href=\"https:\/\/www.facebook.com\/events\/2008155039444035\/\" target=\"_blank\" title=\"&copy; 28. Thumer Orchestertreff\"><img decoding=\"async\" src=\"https:\/\/jbo-thum.de\/thumer-orchestertreff\/wp-content\/uploads\/2018\/03\/8faa2996.jpg\" title=\"&copy; 28. Thumer Orchestertreff\"><\/a><\/div>\n<div class=\"fbfpi_text\">\n<h4><a href=\"https:\/\/www.facebook.com\/events\/2008155039444035\/\" target=\"_blank\" title=\"&copy; 28. Thumer Orchestertreff\">28. Thumer Orchestertreff<\/a><\/h4>\n<p><small>28. Thumer Orchestertreff<\/small><\/p>\n<p>Diese Veranstaltung wurde von @[187420555162:274:JUVENKA Bezdru\u017eice] zu ihrem Konzert beim @[197175940314119:274:Thumer Orchestertreff] erstellt. Aufgrund der gro\u00dfen Resonanz hat das Ensemble dem Verein JBO Thum erlaubt, hier auch alle Informationen zum @[197175940314119:274:Thumer Orchestertreff] zur Verf\u00fcgung zu stellen:<\/p>\n<p>HIGHLIGHTS:<br \/>\nFreitag<br \/>\n___&#x25b6; Rock&#8217;n&#8217;Roll Party im Volkshaus mit @[149595727425:274:Boppin&#8216; B] und @[359127790946438:274:The Good Rockin&#8216; Daddies]<br \/>\n___&#x25b6; @[152954701407064:274:Die Ossis] im Festzelt<\/p>\n<p>Samstag<br \/>\n___&#x25b6; DJs zur #BestOf28Party im Volkshaus<br \/>\n___&#x25b6; @[611192128923043:274:Partyf\u00fcrsten] im Festzelt<\/p>\n<p>Sonntag<br \/>\n___&#x25b6; Starg\u00e4ste @[101217353259973:274:Anita &amp; Alexandra Hofmann] im Festzelt<br \/>\n___&#x25b6; Orchestertreff Kinderparty<\/p>\n<p>PROGRAMM:<br \/>\n&#x25b6; https:\/\/jbo-thum.de\/thumer-orchestertreff\/programm\/festzelt\/<\/p>\n<p>TICKETS:<br \/>\n&#x25b6; https:\/\/jbo-thum.de\/thumer-orchestertreff\/thumer-orchestertreff\/tickets\/<\/p>\n<p>EINLASS- &amp; SICHERHEITSHINWEISE:<br \/>\n&#x25b6; https:\/\/jbo-thum.de\/thumer-orchestertreff\/thumer-orchestertreff\/festgelaende\/#einlasshinweise<\/p>\n<p>_____<br \/>\nAlle Informationen zum Konzert von @[187420555162:274:JUVENKA Bezdru\u017eice]:<br \/>\nJuvenka tradi\u010dn\u011b nav\u0161t\u00edv\u00ed ka\u017edoro\u010dn\u00ed sjezd orchestr\u016f v n\u011bmeck\u00e9m Thumu, kter\u00fd trv\u00e1 cel\u00fd v\u00edkend.<\/p>\n<p>Zahraje ve festivalov\u00e9m stanu v ned\u011bli 11.20 \u2013 12.00.<br \/>\nJuvenka spielt am Sonntag um 11.20 \u2013 12.00  Uhr im Festzelt.<\/p>\n<\/div>\n<\/div>\n","protected":false},"excerpt":{"rendered":"<p>Am 25. Mai geht es wieder Rund in Thum! &#x1f389;&#x1f92f;<br \/>\nWas euch da erwartet? Hier haben wir schon mal die ersten Infos zusammengestellt!<\/p>\n<p>#ThumerOrchestertreff #OT2018<\/p>\n","protected":false},"author":1,"featured_media":666,"comment_status":"closed","ping_status":"open","sticky":false,"template":"","format":"standard","meta":{"rop_custom_images_group":[],"rop_custom_messages_group":[],"rop_publish_now":"initial","rop_publish_now_accounts":[],"rop_publish_now_history":[],"rop_publish_now_status":"pending","neve_meta_sidebar":"","neve_meta_container":"","neve_meta_enable_content_width":"","neve_meta_content_width":0,"neve_meta_title_alignment":"","neve_meta_author_avatar":"","neve_post_elements_order":"","neve_meta_disable_header":"","neve_meta_disable_footer":"","neve_meta_disable_title":"","footnotes":""},"categories":[1],"tags":[21,8],"yoast_head":"<!-- This site is optimized with the Yoast SEO plugin v24.5 - https:\/\/yoast.com\/wordpress\/plugins\/seo\/ -->\n<title>Am 25. Mai geht es wieder Rund in Thum | Dreiklang<\/title>\n<meta name=\"robots\" content=\"index, follow, max-snippet:-1, max-image-preview:large, max-video-preview:-1\" \/>\n<link rel=\"canonical\" href=\"https:\/\/jbo-thum.de\/thumer-orchestertreff\/am-25-mai-geht-es-wieder-rund-in-thum\/\" \/>\n<meta property=\"og:locale\" content=\"de_DE\" \/>\n<meta property=\"og:type\" content=\"article\" \/>\n<meta property=\"og:title\" content=\"Am 25. Mai geht es wieder Rund in Thum | Dreiklang\" \/>\n<meta property=\"og:description\" content=\"Am 25. Mai geht es wieder Rund in Thum! &#x1f389;&#x1f92f; Was euch da erwartet? Hier haben wir schon mal die ersten Infos zusammengestellt! #ThumerOrchestertreff #OT2018\" \/>\n<meta property=\"og:url\" content=\"https:\/\/jbo-thum.de\/thumer-orchestertreff\/am-25-mai-geht-es-wieder-rund-in-thum\/\" \/>\n<meta property=\"og:site_name\" content=\"Dreiklang\" \/>\n<meta property=\"article:publisher\" content=\"https:\/\/www.facebook.com\/ThumerOrchestertreff\/\" \/>\n<meta property=\"article:author\" content=\"https:\/\/www.facebook.com\/ThumerOrchestertreff\" \/>\n<meta property=\"article:published_time\" content=\"2018-03-17T10:46:30+00:00\" \/>\n<meta property=\"article:modified_time\" content=\"2018-03-17T12:00:03+00:00\" \/>\n<meta property=\"og:image\" content=\"https:\/\/jbo-thum.de\/thumer-orchestertreff\/wp-content\/uploads\/2018\/03\/8faa2996.jpg\" \/>\n\t<meta property=\"og:image:width\" content=\"720\" \/>\n\t<meta property=\"og:image:height\" content=\"376\" \/>\n\t<meta property=\"og:image:type\" content=\"image\/jpeg\" \/>\n<meta name=\"author\" content=\"Thumer Orchestertreff\" \/>\n<meta name=\"twitter:card\" content=\"summary_large_image\" \/>\n<meta name=\"twitter:label1\" content=\"Verfasst von\" \/>\n\t<meta name=\"twitter:data1\" content=\"Thumer Orchestertreff\" \/>\n\t<meta name=\"twitter:label2\" content=\"Gesch\u00e4tzte Lesezeit\" \/>\n\t<meta name=\"twitter:data2\" content=\"1\u00a0Minute\" \/>\n<script type=\"application\/ld+json\" class=\"yoast-schema-graph\">{\"@context\":\"https:\/\/schema.org\",\"@graph\":[{\"@type\":\"Article\",\"@id\":\"https:\/\/jbo-thum.de\/thumer-orchestertreff\/am-25-mai-geht-es-wieder-rund-in-thum\/#article\",\"isPartOf\":{\"@id\":\"https:\/\/jbo-thum.de\/thumer-orchestertreff\/am-25-mai-geht-es-wieder-rund-in-thum\/\"},\"author\":{\"name\":\"Thumer Orchestertreff\",\"@id\":\"https:\/\/jbo-thum.de\/thumer-orchestertreff\/#\/schema\/person\/bcf52dc0d3bd186e73bc8c8e46474ee9\"},\"headline\":\"Am 25. Mai geht es wieder Rund in Thum\",\"datePublished\":\"2018-03-17T10:46:30+00:00\",\"dateModified\":\"2018-03-17T12:00:03+00:00\",\"mainEntityOfPage\":{\"@id\":\"https:\/\/jbo-thum.de\/thumer-orchestertreff\/am-25-mai-geht-es-wieder-rund-in-thum\/\"},\"wordCount\":188,\"publisher\":{\"@id\":\"https:\/\/jbo-thum.de\/thumer-orchestertreff\/#organization\"},\"image\":{\"@id\":\"https:\/\/jbo-thum.de\/thumer-orchestertreff\/am-25-mai-geht-es-wieder-rund-in-thum\/#primaryimage\"},\"thumbnailUrl\":\"https:\/\/jbo-thum.de\/thumer-orchestertreff\/wp-content\/uploads\/2018\/03\/8faa2996.jpg\",\"keywords\":[\"OT2018\",\"ThumerOrchestertreff\"],\"articleSection\":[\"Aktuelles\"],\"inLanguage\":\"de\"},{\"@type\":\"WebPage\",\"@id\":\"https:\/\/jbo-thum.de\/thumer-orchestertreff\/am-25-mai-geht-es-wieder-rund-in-thum\/\",\"url\":\"https:\/\/jbo-thum.de\/thumer-orchestertreff\/am-25-mai-geht-es-wieder-rund-in-thum\/\",\"name\":\"Am 25. Mai geht es wieder Rund in Thum | Dreiklang\",\"isPartOf\":{\"@id\":\"https:\/\/jbo-thum.de\/thumer-orchestertreff\/#website\"},\"primaryImageOfPage\":{\"@id\":\"https:\/\/jbo-thum.de\/thumer-orchestertreff\/am-25-mai-geht-es-wieder-rund-in-thum\/#primaryimage\"},\"image\":{\"@id\":\"https:\/\/jbo-thum.de\/thumer-orchestertreff\/am-25-mai-geht-es-wieder-rund-in-thum\/#primaryimage\"},\"thumbnailUrl\":\"https:\/\/jbo-thum.de\/thumer-orchestertreff\/wp-content\/uploads\/2018\/03\/8faa2996.jpg\",\"datePublished\":\"2018-03-17T10:46:30+00:00\",\"dateModified\":\"2018-03-17T12:00:03+00:00\",\"breadcrumb\":{\"@id\":\"https:\/\/jbo-thum.de\/thumer-orchestertreff\/am-25-mai-geht-es-wieder-rund-in-thum\/#breadcrumb\"},\"inLanguage\":\"de\",\"potentialAction\":[{\"@type\":\"ReadAction\",\"target\":[\"https:\/\/jbo-thum.de\/thumer-orchestertreff\/am-25-mai-geht-es-wieder-rund-in-thum\/\"]}]},{\"@type\":\"ImageObject\",\"inLanguage\":\"de\",\"@id\":\"https:\/\/jbo-thum.de\/thumer-orchestertreff\/am-25-mai-geht-es-wieder-rund-in-thum\/#primaryimage\",\"url\":\"https:\/\/jbo-thum.de\/thumer-orchestertreff\/wp-content\/uploads\/2018\/03\/8faa2996.jpg\",\"contentUrl\":\"https:\/\/jbo-thum.de\/thumer-orchestertreff\/wp-content\/uploads\/2018\/03\/8faa2996.jpg\",\"width\":720,\"height\":376},{\"@type\":\"BreadcrumbList\",\"@id\":\"https:\/\/jbo-thum.de\/thumer-orchestertreff\/am-25-mai-geht-es-wieder-rund-in-thum\/#breadcrumb\",\"itemListElement\":[{\"@type\":\"ListItem\",\"position\":1,\"name\":\"Startseite\",\"item\":\"https:\/\/jbo-thum.de\/thumer-orchestertreff\/\"},{\"@type\":\"ListItem\",\"position\":2,\"name\":\"Am 25. Mai geht es wieder Rund in Thum\"}]},{\"@type\":\"WebSite\",\"@id\":\"https:\/\/jbo-thum.de\/thumer-orchestertreff\/#website\",\"url\":\"https:\/\/jbo-thum.de\/thumer-orchestertreff\/\",\"name\":\"Dreiklang\",\"description\":\"11. &amp; 12. Juni 2022\",\"publisher\":{\"@id\":\"https:\/\/jbo-thum.de\/thumer-orchestertreff\/#organization\"},\"potentialAction\":[{\"@type\":\"SearchAction\",\"target\":{\"@type\":\"EntryPoint\",\"urlTemplate\":\"https:\/\/jbo-thum.de\/thumer-orchestertreff\/?s={search_term_string}\"},\"query-input\":{\"@type\":\"PropertyValueSpecification\",\"valueRequired\":true,\"valueName\":\"search_term_string\"}}],\"inLanguage\":\"de\"},{\"@type\":\"Organization\",\"@id\":\"https:\/\/jbo-thum.de\/thumer-orchestertreff\/#organization\",\"name\":\"Thumer Orchestertreff\",\"url\":\"https:\/\/jbo-thum.de\/thumer-orchestertreff\/\",\"logo\":{\"@type\":\"ImageObject\",\"inLanguage\":\"de\",\"@id\":\"https:\/\/jbo-thum.de\/thumer-orchestertreff\/#\/schema\/logo\/image\/\",\"url\":\"https:\/\/jbo-thum.de\/thumer-orchestertreff\/wp-content\/uploads\/2022\/05\/Dreiklang-Thum.png\",\"contentUrl\":\"https:\/\/jbo-thum.de\/thumer-orchestertreff\/wp-content\/uploads\/2022\/05\/Dreiklang-Thum.png\",\"width\":394,\"height\":137,\"caption\":\"Thumer Orchestertreff\"},\"image\":{\"@id\":\"https:\/\/jbo-thum.de\/thumer-orchestertreff\/#\/schema\/logo\/image\/\"},\"sameAs\":[\"https:\/\/www.facebook.com\/ThumerOrchestertreff\/\",\"https:\/\/www.instagram.com\/ThumerOrchestertreff\/\"]},{\"@type\":\"Person\",\"@id\":\"https:\/\/jbo-thum.de\/thumer-orchestertreff\/#\/schema\/person\/bcf52dc0d3bd186e73bc8c8e46474ee9\",\"name\":\"Thumer Orchestertreff\",\"image\":{\"@type\":\"ImageObject\",\"inLanguage\":\"de\",\"@id\":\"https:\/\/jbo-thum.de\/thumer-orchestertreff\/#\/schema\/person\/image\/\",\"url\":\"https:\/\/secure.gravatar.com\/avatar\/673e303657620b152b663a80c9bc883c?s=96&d=mm&r=g\",\"contentUrl\":\"https:\/\/secure.gravatar.com\/avatar\/673e303657620b152b663a80c9bc883c?s=96&d=mm&r=g\",\"caption\":\"Thumer Orchestertreff\"},\"sameAs\":[\"https:\/\/www.facebook.com\/ThumerOrchestertreff\"]}]}<\/script>\n<!-- \/ Yoast SEO plugin. -->","yoast_head_json":{"title":"Am 25. Mai geht es wieder Rund in Thum | Dreiklang","robots":{"index":"index","follow":"follow","max-snippet":"max-snippet:-1","max-image-preview":"max-image-preview:large","max-video-preview":"max-video-preview:-1"},"canonical":"https:\/\/jbo-thum.de\/thumer-orchestertreff\/am-25-mai-geht-es-wieder-rund-in-thum\/","og_locale":"de_DE","og_type":"article","og_title":"Am 25. Mai geht es wieder Rund in Thum | Dreiklang","og_description":"Am 25. Mai geht es wieder Rund in Thum! &#x1f389;&#x1f92f; Was euch da erwartet? Hier haben wir schon mal die ersten Infos zusammengestellt! #ThumerOrchestertreff #OT2018","og_url":"https:\/\/jbo-thum.de\/thumer-orchestertreff\/am-25-mai-geht-es-wieder-rund-in-thum\/","og_site_name":"Dreiklang","article_publisher":"https:\/\/www.facebook.com\/ThumerOrchestertreff\/","article_author":"https:\/\/www.facebook.com\/ThumerOrchestertreff","article_published_time":"2018-03-17T10:46:30+00:00","article_modified_time":"2018-03-17T12:00:03+00:00","og_image":[{"width":720,"height":376,"url":"https:\/\/jbo-thum.de\/thumer-orchestertreff\/wp-content\/uploads\/2018\/03\/8faa2996.jpg","type":"image\/jpeg"}],"author":"Thumer Orchestertreff","twitter_card":"summary_large_image","twitter_misc":{"Verfasst von":"Thumer Orchestertreff","Gesch\u00e4tzte Lesezeit":"1\u00a0Minute"},"schema":{"@context":"https:\/\/schema.org","@graph":[{"@type":"Article","@id":"https:\/\/jbo-thum.de\/thumer-orchestertreff\/am-25-mai-geht-es-wieder-rund-in-thum\/#article","isPartOf":{"@id":"https:\/\/jbo-thum.de\/thumer-orchestertreff\/am-25-mai-geht-es-wieder-rund-in-thum\/"},"author":{"name":"Thumer Orchestertreff","@id":"https:\/\/jbo-thum.de\/thumer-orchestertreff\/#\/schema\/person\/bcf52dc0d3bd186e73bc8c8e46474ee9"},"headline":"Am 25. Mai geht es wieder Rund in Thum","datePublished":"2018-03-17T10:46:30+00:00","dateModified":"2018-03-17T12:00:03+00:00","mainEntityOfPage":{"@id":"https:\/\/jbo-thum.de\/thumer-orchestertreff\/am-25-mai-geht-es-wieder-rund-in-thum\/"},"wordCount":188,"publisher":{"@id":"https:\/\/jbo-thum.de\/thumer-orchestertreff\/#organization"},"image":{"@id":"https:\/\/jbo-thum.de\/thumer-orchestertreff\/am-25-mai-geht-es-wieder-rund-in-thum\/#primaryimage"},"thumbnailUrl":"https:\/\/jbo-thum.de\/thumer-orchestertreff\/wp-content\/uploads\/2018\/03\/8faa2996.jpg","keywords":["OT2018","ThumerOrchestertreff"],"articleSection":["Aktuelles"],"inLanguage":"de"},{"@type":"WebPage","@id":"https:\/\/jbo-thum.de\/thumer-orchestertreff\/am-25-mai-geht-es-wieder-rund-in-thum\/","url":"https:\/\/jbo-thum.de\/thumer-orchestertreff\/am-25-mai-geht-es-wieder-rund-in-thum\/","name":"Am 25. Mai geht es wieder Rund in Thum | Dreiklang","isPartOf":{"@id":"https:\/\/jbo-thum.de\/thumer-orchestertreff\/#website"},"primaryImageOfPage":{"@id":"https:\/\/jbo-thum.de\/thumer-orchestertreff\/am-25-mai-geht-es-wieder-rund-in-thum\/#primaryimage"},"image":{"@id":"https:\/\/jbo-thum.de\/thumer-orchestertreff\/am-25-mai-geht-es-wieder-rund-in-thum\/#primaryimage"},"thumbnailUrl":"https:\/\/jbo-thum.de\/thumer-orchestertreff\/wp-content\/uploads\/2018\/03\/8faa2996.jpg","datePublished":"2018-03-17T10:46:30+00:00","dateModified":"2018-03-17T12:00:03+00:00","breadcrumb":{"@id":"https:\/\/jbo-thum.de\/thumer-orchestertreff\/am-25-mai-geht-es-wieder-rund-in-thum\/#breadcrumb"},"inLanguage":"de","potentialAction":[{"@type":"ReadAction","target":["https:\/\/jbo-thum.de\/thumer-orchestertreff\/am-25-mai-geht-es-wieder-rund-in-thum\/"]}]},{"@type":"ImageObject","inLanguage":"de","@id":"https:\/\/jbo-thum.de\/thumer-orchestertreff\/am-25-mai-geht-es-wieder-rund-in-thum\/#primaryimage","url":"https:\/\/jbo-thum.de\/thumer-orchestertreff\/wp-content\/uploads\/2018\/03\/8faa2996.jpg","contentUrl":"https:\/\/jbo-thum.de\/thumer-orchestertreff\/wp-content\/uploads\/2018\/03\/8faa2996.jpg","width":720,"height":376},{"@type":"BreadcrumbList","@id":"https:\/\/jbo-thum.de\/thumer-orchestertreff\/am-25-mai-geht-es-wieder-rund-in-thum\/#breadcrumb","itemListElement":[{"@type":"ListItem","position":1,"name":"Startseite","item":"https:\/\/jbo-thum.de\/thumer-orchestertreff\/"},{"@type":"ListItem","position":2,"name":"Am 25. Mai geht es wieder Rund in Thum"}]},{"@type":"WebSite","@id":"https:\/\/jbo-thum.de\/thumer-orchestertreff\/#website","url":"https:\/\/jbo-thum.de\/thumer-orchestertreff\/","name":"Dreiklang","description":"11. &amp; 12. Juni 2022","publisher":{"@id":"https:\/\/jbo-thum.de\/thumer-orchestertreff\/#organization"},"potentialAction":[{"@type":"SearchAction","target":{"@type":"EntryPoint","urlTemplate":"https:\/\/jbo-thum.de\/thumer-orchestertreff\/?s={search_term_string}"},"query-input":{"@type":"PropertyValueSpecification","valueRequired":true,"valueName":"search_term_string"}}],"inLanguage":"de"},{"@type":"Organization","@id":"https:\/\/jbo-thum.de\/thumer-orchestertreff\/#organization","name":"Thumer Orchestertreff","url":"https:\/\/jbo-thum.de\/thumer-orchestertreff\/","logo":{"@type":"ImageObject","inLanguage":"de","@id":"https:\/\/jbo-thum.de\/thumer-orchestertreff\/#\/schema\/logo\/image\/","url":"https:\/\/jbo-thum.de\/thumer-orchestertreff\/wp-content\/uploads\/2022\/05\/Dreiklang-Thum.png","contentUrl":"https:\/\/jbo-thum.de\/thumer-orchestertreff\/wp-content\/uploads\/2022\/05\/Dreiklang-Thum.png","width":394,"height":137,"caption":"Thumer Orchestertreff"},"image":{"@id":"https:\/\/jbo-thum.de\/thumer-orchestertreff\/#\/schema\/logo\/image\/"},"sameAs":["https:\/\/www.facebook.com\/ThumerOrchestertreff\/","https:\/\/www.instagram.com\/ThumerOrchestertreff\/"]},{"@type":"Person","@id":"https:\/\/jbo-thum.de\/thumer-orchestertreff\/#\/schema\/person\/bcf52dc0d3bd186e73bc8c8e46474ee9","name":"Thumer Orchestertreff","image":{"@type":"ImageObject","inLanguage":"de","@id":"https:\/\/jbo-thum.de\/thumer-orchestertreff\/#\/schema\/person\/image\/","url":"https:\/\/secure.gravatar.com\/avatar\/673e303657620b152b663a80c9bc883c?s=96&d=mm&r=g","contentUrl":"https:\/\/secure.gravatar.com\/avatar\/673e303657620b152b663a80c9bc883c?s=96&d=mm&r=g","caption":"Thumer Orchestertreff"},"sameAs":["https:\/\/www.facebook.com\/ThumerOrchestertreff"]}]}},"_links":{"self":[{"href":"https:\/\/jbo-thum.de\/thumer-orchestertreff\/wp-json\/wp\/v2\/posts\/665"}],"collection":[{"href":"https:\/\/jbo-thum.de\/thumer-orchestertreff\/wp-json\/wp\/v2\/posts"}],"about":[{"href":"https:\/\/jbo-thum.de\/thumer-orchestertreff\/wp-json\/wp\/v2\/types\/post"}],"author":[{"embeddable":true,"href":"https:\/\/jbo-thum.de\/thumer-orchestertreff\/wp-json\/wp\/v2\/users\/1"}],"replies":[{"embeddable":true,"href":"https:\/\/jbo-thum.de\/thumer-orchestertreff\/wp-json\/wp\/v2\/comments?post=665"}],"version-history":[{"count":1,"href":"https:\/\/jbo-thum.de\/thumer-orchestertreff\/wp-json\/wp\/v2\/posts\/665\/revisions"}],"predecessor-version":[{"id":667,"href":"https:\/\/jbo-thum.de\/thumer-orchestertreff\/wp-json\/wp\/v2\/posts\/665\/revisions\/667"}],"wp:featuredmedia":[{"embeddable":true,"href":"https:\/\/jbo-thum.de\/thumer-orchestertreff\/wp-json\/wp\/v2\/media\/666"}],"wp:attachment":[{"href":"https:\/\/jbo-thum.de\/thumer-orchestertreff\/wp-json\/wp\/v2\/media?parent=665"}],"wp:term":[{"taxonomy":"category","embeddable":true,"href":"https:\/\/jbo-thum.de\/thumer-orchestertreff\/wp-json\/wp\/v2\/categories?post=665"},{"taxonomy":"post_tag","embeddable":true,"href":"https:\/\/jbo-thum.de\/thumer-orchestertreff\/wp-json\/wp\/v2\/tags?post=665"}],"curies":[{"name":"wp","href":"https:\/\/api.w.org\/{rel}","templated":true}]}}