{"id":552,"date":"2017-06-12T09:10:39","date_gmt":"2017-06-12T07:10:39","guid":{"rendered":"http:\/\/jbo-thum.de\/thumer-orchestertreff\/%cc%b6b%cc%b6a%cc%b6u%cc%b6m%cc%b6-aeh-zelt-faellt\/"},"modified":"2017-06-12T12:00:18","modified_gmt":"2017-06-12T10:00:18","slug":"%cc%b6b%cc%b6a%cc%b6u%cc%b6m%cc%b6-aeh-zelt-faellt","status":"publish","type":"post","link":"https:\/\/jbo-thum.de\/thumer-orchestertreff\/%cc%b6b%cc%b6a%cc%b6u%cc%b6m%cc%b6-aeh-zelt-faellt\/","title":{"rendered":"\u0336B\u0336a\u0336u\u0336m\u0336  \u00e4h Zelt f\u00e4llt"},"content":{"rendered":"\n<p>\u0336B\u0336a\u0336u\u0336m\u0336  \u00e4h Zelt f\u00e4llt!<br \/>\nViele flei\u00dfige H\u00e4nde arbeiten bereits wieder am R\u00fcckbau des Festgel\u00e4ndes.<\/p>\n<p>Diese Gelegenheit m\u00f6chten wir nutzen, um DANKE zu sagen:<\/p>\n<p>Danke an die \u00fcber 300 freiwilligen Helfer, ohne die der #ThumerOrchestertreff nicht m\u00f6glich w\u00e4re: Ihr engagiert euch ehrenamtlich, opfert Stunden und sogar Tage eurer Freizeit, zieht an einem Strang und erm\u00f6glicht damit unser Vereinsfest.<br \/>\nGenauso gilt es auch allen Familien und Menschen im Hintergrund zu danken, die den Helfern den R\u00fccken freihalten!<\/p>\n<p>Und ein ganz besonderes DANKESCH\u00d6N geht auch an unsere Sponsoren, Unterst\u00fctzer, K\u00fcnstler und Orchester, die Stadt Thum sowie andere umliegende Kommunen, an alle befreundeten Vereine und Institutionen, an alle anderen, die uns unter die Arme greifen  \u2013 und nat\u00fcrlich auch an euch, unsere Besucher und G\u00e4ste!<\/p>\n<p>Ihr alle seid klasse und ihr leistet einen gro\u00dfartigen Beitrag dazu, dass unser Verein seiner Kernaufgabe gerecht werden kann \u2013 n\u00e4mlich Kindern und Jugendlichen eine musikalische Ausbildung und Entwicklung zu erm\u00f6glichen!<\/p>\n<div class=\"fbfpi_photo\">\n\t<a href=\"https:\/\/www.facebook.com\/ThumerOrchestertreff\/photos\/a.216873271677719.58601.197175940314119\/1606113342753698\/?type=3\" target=\"\"><img decoding=\"async\" src=\"https:\/\/jbo-thum.de\/thumer-orchestertreff\/wp-content\/uploads\/2017\/06\/12b48f97.jpg\"><\/a>\n\t<\/div>\n","protected":false},"excerpt":{"rendered":"<p>\u0336B\u0336a\u0336u\u0336m\u0336  \u00e4h Zelt f\u00e4llt!<br \/>\nViele flei\u00dfige H\u00e4nde arbeiten bereits wieder am R\u00fcckbau des Festgel\u00e4ndes.<\/p>\n<p>Diese Gelegenheit m\u00f6chten wir nutzen, um DANKE zu sagen:<\/p>\n<p>Danke an die \u00fcber 300 freiwilligen Helfer, ohne die der #ThumerOrchestertreff nicht m\u00f6glich w\u00e4re: Ihr engagiert euch ehrenamtlich, opfert Stunden und sogar Tage eurer Freizeit, zieht an einem Strang und erm\u00f6glicht damit unser Vereinsfest.<br \/>\nGenauso gilt es auch allen Familien und Menschen im Hintergrund zu danken, die den Helfern den R\u00fccken freihalten!<\/p>\n<p>Und ein ganz besonderes DANKESCH\u00d6N geht auch an unsere Sponsoren, Unterst\u00fctzer, K\u00fcnstler und Orchester, die Stadt Thum sowie andere umliegende Kommunen, an alle befreundeten Vereine und Institutionen, an alle anderen, die uns unter die Arme greifen  \u2013 und nat\u00fcrlich auch an euch, unsere Besucher und G\u00e4ste!<\/p>\n<p>Ihr alle seid klasse und ihr leistet einen gro\u00dfartigen Beitrag dazu, dass unser Verein seiner Kernaufgabe gerecht werden kann \u2013 n\u00e4mlich Kindern und Jugendlichen eine musikalische Ausbildung und Entwicklung zu erm\u00f6glichen!<\/p>\n","protected":false},"author":1,"featured_media":553,"comment_status":"closed","ping_status":"open","sticky":false,"template":"","format":"standard","meta":{"rop_custom_images_group":[],"rop_custom_messages_group":[],"rop_publish_now":"initial","rop_publish_now_accounts":[],"rop_publish_now_history":[],"rop_publish_now_status":"pending","neve_meta_sidebar":"","neve_meta_container":"","neve_meta_enable_content_width":"","neve_meta_content_width":0,"neve_meta_title_alignment":"","neve_meta_author_avatar":"","neve_post_elements_order":"","neve_meta_disable_header":"","neve_meta_disable_footer":"","neve_meta_disable_title":"","footnotes":""},"categories":[1],"tags":[8],"yoast_head":"<!-- This site is optimized with the Yoast SEO plugin v24.5 - https:\/\/yoast.com\/wordpress\/plugins\/seo\/ -->\n<title>\u0336B\u0336a\u0336u\u0336m\u0336 \u00e4h Zelt f\u00e4llt | Dreiklang<\/title>\n<meta name=\"robots\" content=\"index, follow, max-snippet:-1, max-image-preview:large, max-video-preview:-1\" \/>\n<link rel=\"canonical\" href=\"https:\/\/jbo-thum.de\/thumer-orchestertreff\/\u0336b\u0336a\u0336u\u0336m\u0336-aeh-zelt-faellt\/\" \/>\n<meta property=\"og:locale\" content=\"de_DE\" \/>\n<meta property=\"og:type\" content=\"article\" \/>\n<meta property=\"og:title\" content=\"\u0336B\u0336a\u0336u\u0336m\u0336 \u00e4h Zelt f\u00e4llt | Dreiklang\" \/>\n<meta property=\"og:description\" content=\"\u0336B\u0336a\u0336u\u0336m\u0336 \u00e4h Zelt f\u00e4llt! Viele flei\u00dfige H\u00e4nde arbeiten bereits wieder am R\u00fcckbau des Festgel\u00e4ndes. Diese Gelegenheit m\u00f6chten wir nutzen, um DANKE zu sagen: Danke an die \u00fcber 300 freiwilligen Helfer, ohne die der #ThumerOrchestertreff nicht m\u00f6glich w\u00e4re: Ihr engagiert euch ehrenamtlich, opfert Stunden und sogar Tage eurer Freizeit, zieht an einem Strang und erm\u00f6glicht damit unser Vereinsfest. Genauso gilt es auch allen Familien und Menschen im Hintergrund zu danken, die den Helfern den R\u00fccken freihalten! Und ein ganz besonderes DANKESCH\u00d6N geht auch an unsere Sponsoren, Unterst\u00fctzer, K\u00fcnstler und Orchester, die Stadt Thum sowie andere umliegende Kommunen, an alle befreundeten Vereine und Institutionen, an alle anderen, die uns unter die Arme greifen \u2013 und nat\u00fcrlich auch an euch, unsere Besucher und G\u00e4ste! Ihr alle seid klasse und ihr leistet einen gro\u00dfartigen Beitrag dazu, dass unser Verein seiner Kernaufgabe gerecht werden kann \u2013 n\u00e4mlich Kindern und Jugendlichen eine musikalische Ausbildung und Entwicklung zu erm\u00f6glichen!\" \/>\n<meta property=\"og:url\" content=\"https:\/\/jbo-thum.de\/thumer-orchestertreff\/\u0336b\u0336a\u0336u\u0336m\u0336-aeh-zelt-faellt\/\" \/>\n<meta property=\"og:site_name\" content=\"Dreiklang\" \/>\n<meta property=\"article:publisher\" content=\"https:\/\/www.facebook.com\/ThumerOrchestertreff\/\" \/>\n<meta property=\"article:author\" content=\"https:\/\/www.facebook.com\/ThumerOrchestertreff\" \/>\n<meta property=\"article:published_time\" content=\"2017-06-12T07:10:39+00:00\" \/>\n<meta property=\"article:modified_time\" content=\"2017-06-12T10:00:18+00:00\" \/>\n<meta property=\"og:image\" content=\"https:\/\/jbo-thum.de\/thumer-orchestertreff\/wp-content\/uploads\/2017\/06\/12b48f97.jpg\" \/>\n\t<meta property=\"og:image:width\" content=\"720\" \/>\n\t<meta property=\"og:image:height\" content=\"404\" \/>\n\t<meta property=\"og:image:type\" content=\"image\/jpeg\" \/>\n<meta name=\"author\" content=\"Thumer Orchestertreff\" \/>\n<meta name=\"twitter:card\" content=\"summary_large_image\" \/>\n<meta name=\"twitter:label1\" content=\"Verfasst von\" \/>\n\t<meta name=\"twitter:data1\" content=\"Thumer Orchestertreff\" \/>\n\t<meta name=\"twitter:label2\" content=\"Gesch\u00e4tzte Lesezeit\" \/>\n\t<meta name=\"twitter:data2\" content=\"1\u00a0Minute\" \/>\n<script type=\"application\/ld+json\" class=\"yoast-schema-graph\">{\"@context\":\"https:\/\/schema.org\",\"@graph\":[{\"@type\":\"Article\",\"@id\":\"https:\/\/jbo-thum.de\/thumer-orchestertreff\/%cc%b6b%cc%b6a%cc%b6u%cc%b6m%cc%b6-aeh-zelt-faellt\/#article\",\"isPartOf\":{\"@id\":\"https:\/\/jbo-thum.de\/thumer-orchestertreff\/%cc%b6b%cc%b6a%cc%b6u%cc%b6m%cc%b6-aeh-zelt-faellt\/\"},\"author\":{\"name\":\"Thumer Orchestertreff\",\"@id\":\"https:\/\/jbo-thum.de\/thumer-orchestertreff\/#\/schema\/person\/bcf52dc0d3bd186e73bc8c8e46474ee9\"},\"headline\":\"\u0336B\u0336a\u0336u\u0336m\u0336 \u00e4h Zelt f\u00e4llt\",\"datePublished\":\"2017-06-12T07:10:39+00:00\",\"dateModified\":\"2017-06-12T10:00:18+00:00\",\"mainEntityOfPage\":{\"@id\":\"https:\/\/jbo-thum.de\/thumer-orchestertreff\/%cc%b6b%cc%b6a%cc%b6u%cc%b6m%cc%b6-aeh-zelt-faellt\/\"},\"wordCount\":178,\"publisher\":{\"@id\":\"https:\/\/jbo-thum.de\/thumer-orchestertreff\/#organization\"},\"image\":{\"@id\":\"https:\/\/jbo-thum.de\/thumer-orchestertreff\/%cc%b6b%cc%b6a%cc%b6u%cc%b6m%cc%b6-aeh-zelt-faellt\/#primaryimage\"},\"thumbnailUrl\":\"https:\/\/jbo-thum.de\/thumer-orchestertreff\/wp-content\/uploads\/2017\/06\/12b48f97.jpg\",\"keywords\":[\"ThumerOrchestertreff\"],\"articleSection\":[\"Aktuelles\"],\"inLanguage\":\"de\"},{\"@type\":\"WebPage\",\"@id\":\"https:\/\/jbo-thum.de\/thumer-orchestertreff\/%cc%b6b%cc%b6a%cc%b6u%cc%b6m%cc%b6-aeh-zelt-faellt\/\",\"url\":\"https:\/\/jbo-thum.de\/thumer-orchestertreff\/%cc%b6b%cc%b6a%cc%b6u%cc%b6m%cc%b6-aeh-zelt-faellt\/\",\"name\":\"\u0336B\u0336a\u0336u\u0336m\u0336 \u00e4h Zelt f\u00e4llt | Dreiklang\",\"isPartOf\":{\"@id\":\"https:\/\/jbo-thum.de\/thumer-orchestertreff\/#website\"},\"primaryImageOfPage\":{\"@id\":\"https:\/\/jbo-thum.de\/thumer-orchestertreff\/%cc%b6b%cc%b6a%cc%b6u%cc%b6m%cc%b6-aeh-zelt-faellt\/#primaryimage\"},\"image\":{\"@id\":\"https:\/\/jbo-thum.de\/thumer-orchestertreff\/%cc%b6b%cc%b6a%cc%b6u%cc%b6m%cc%b6-aeh-zelt-faellt\/#primaryimage\"},\"thumbnailUrl\":\"https:\/\/jbo-thum.de\/thumer-orchestertreff\/wp-content\/uploads\/2017\/06\/12b48f97.jpg\",\"datePublished\":\"2017-06-12T07:10:39+00:00\",\"dateModified\":\"2017-06-12T10:00:18+00:00\",\"breadcrumb\":{\"@id\":\"https:\/\/jbo-thum.de\/thumer-orchestertreff\/%cc%b6b%cc%b6a%cc%b6u%cc%b6m%cc%b6-aeh-zelt-faellt\/#breadcrumb\"},\"inLanguage\":\"de\",\"potentialAction\":[{\"@type\":\"ReadAction\",\"target\":[\"https:\/\/jbo-thum.de\/thumer-orchestertreff\/%cc%b6b%cc%b6a%cc%b6u%cc%b6m%cc%b6-aeh-zelt-faellt\/\"]}]},{\"@type\":\"ImageObject\",\"inLanguage\":\"de\",\"@id\":\"https:\/\/jbo-thum.de\/thumer-orchestertreff\/%cc%b6b%cc%b6a%cc%b6u%cc%b6m%cc%b6-aeh-zelt-faellt\/#primaryimage\",\"url\":\"https:\/\/jbo-thum.de\/thumer-orchestertreff\/wp-content\/uploads\/2017\/06\/12b48f97.jpg\",\"contentUrl\":\"https:\/\/jbo-thum.de\/thumer-orchestertreff\/wp-content\/uploads\/2017\/06\/12b48f97.jpg\",\"width\":720,\"height\":404},{\"@type\":\"BreadcrumbList\",\"@id\":\"https:\/\/jbo-thum.de\/thumer-orchestertreff\/%cc%b6b%cc%b6a%cc%b6u%cc%b6m%cc%b6-aeh-zelt-faellt\/#breadcrumb\",\"itemListElement\":[{\"@type\":\"ListItem\",\"position\":1,\"name\":\"Startseite\",\"item\":\"https:\/\/jbo-thum.de\/thumer-orchestertreff\/\"},{\"@type\":\"ListItem\",\"position\":2,\"name\":\"\u0336B\u0336a\u0336u\u0336m\u0336 \u00e4h Zelt f\u00e4llt\"}]},{\"@type\":\"WebSite\",\"@id\":\"https:\/\/jbo-thum.de\/thumer-orchestertreff\/#website\",\"url\":\"https:\/\/jbo-thum.de\/thumer-orchestertreff\/\",\"name\":\"Dreiklang\",\"description\":\"11. &amp; 12. Juni 2022\",\"publisher\":{\"@id\":\"https:\/\/jbo-thum.de\/thumer-orchestertreff\/#organization\"},\"potentialAction\":[{\"@type\":\"SearchAction\",\"target\":{\"@type\":\"EntryPoint\",\"urlTemplate\":\"https:\/\/jbo-thum.de\/thumer-orchestertreff\/?s={search_term_string}\"},\"query-input\":{\"@type\":\"PropertyValueSpecification\",\"valueRequired\":true,\"valueName\":\"search_term_string\"}}],\"inLanguage\":\"de\"},{\"@type\":\"Organization\",\"@id\":\"https:\/\/jbo-thum.de\/thumer-orchestertreff\/#organization\",\"name\":\"Thumer Orchestertreff\",\"url\":\"https:\/\/jbo-thum.de\/thumer-orchestertreff\/\",\"logo\":{\"@type\":\"ImageObject\",\"inLanguage\":\"de\",\"@id\":\"https:\/\/jbo-thum.de\/thumer-orchestertreff\/#\/schema\/logo\/image\/\",\"url\":\"https:\/\/jbo-thum.de\/thumer-orchestertreff\/wp-content\/uploads\/2022\/05\/Dreiklang-Thum.png\",\"contentUrl\":\"https:\/\/jbo-thum.de\/thumer-orchestertreff\/wp-content\/uploads\/2022\/05\/Dreiklang-Thum.png\",\"width\":394,\"height\":137,\"caption\":\"Thumer Orchestertreff\"},\"image\":{\"@id\":\"https:\/\/jbo-thum.de\/thumer-orchestertreff\/#\/schema\/logo\/image\/\"},\"sameAs\":[\"https:\/\/www.facebook.com\/ThumerOrchestertreff\/\",\"https:\/\/www.instagram.com\/ThumerOrchestertreff\/\"]},{\"@type\":\"Person\",\"@id\":\"https:\/\/jbo-thum.de\/thumer-orchestertreff\/#\/schema\/person\/bcf52dc0d3bd186e73bc8c8e46474ee9\",\"name\":\"Thumer Orchestertreff\",\"image\":{\"@type\":\"ImageObject\",\"inLanguage\":\"de\",\"@id\":\"https:\/\/jbo-thum.de\/thumer-orchestertreff\/#\/schema\/person\/image\/\",\"url\":\"https:\/\/secure.gravatar.com\/avatar\/673e303657620b152b663a80c9bc883c?s=96&d=mm&r=g\",\"contentUrl\":\"https:\/\/secure.gravatar.com\/avatar\/673e303657620b152b663a80c9bc883c?s=96&d=mm&r=g\",\"caption\":\"Thumer Orchestertreff\"},\"sameAs\":[\"https:\/\/www.facebook.com\/ThumerOrchestertreff\"]}]}<\/script>\n<!-- \/ Yoast SEO plugin. -->","yoast_head_json":{"title":"\u0336B\u0336a\u0336u\u0336m\u0336 \u00e4h Zelt f\u00e4llt | Dreiklang","robots":{"index":"index","follow":"follow","max-snippet":"max-snippet:-1","max-image-preview":"max-image-preview:large","max-video-preview":"max-video-preview:-1"},"canonical":"https:\/\/jbo-thum.de\/thumer-orchestertreff\/\u0336b\u0336a\u0336u\u0336m\u0336-aeh-zelt-faellt\/","og_locale":"de_DE","og_type":"article","og_title":"\u0336B\u0336a\u0336u\u0336m\u0336 \u00e4h Zelt f\u00e4llt | Dreiklang","og_description":"\u0336B\u0336a\u0336u\u0336m\u0336 \u00e4h Zelt f\u00e4llt! Viele flei\u00dfige H\u00e4nde arbeiten bereits wieder am R\u00fcckbau des Festgel\u00e4ndes. Diese Gelegenheit m\u00f6chten wir nutzen, um DANKE zu sagen: Danke an die \u00fcber 300 freiwilligen Helfer, ohne die der #ThumerOrchestertreff nicht m\u00f6glich w\u00e4re: Ihr engagiert euch ehrenamtlich, opfert Stunden und sogar Tage eurer Freizeit, zieht an einem Strang und erm\u00f6glicht damit unser Vereinsfest. Genauso gilt es auch allen Familien und Menschen im Hintergrund zu danken, die den Helfern den R\u00fccken freihalten! Und ein ganz besonderes DANKESCH\u00d6N geht auch an unsere Sponsoren, Unterst\u00fctzer, K\u00fcnstler und Orchester, die Stadt Thum sowie andere umliegende Kommunen, an alle befreundeten Vereine und Institutionen, an alle anderen, die uns unter die Arme greifen \u2013 und nat\u00fcrlich auch an euch, unsere Besucher und G\u00e4ste! Ihr alle seid klasse und ihr leistet einen gro\u00dfartigen Beitrag dazu, dass unser Verein seiner Kernaufgabe gerecht werden kann \u2013 n\u00e4mlich Kindern und Jugendlichen eine musikalische Ausbildung und Entwicklung zu erm\u00f6glichen!","og_url":"https:\/\/jbo-thum.de\/thumer-orchestertreff\/\u0336b\u0336a\u0336u\u0336m\u0336-aeh-zelt-faellt\/","og_site_name":"Dreiklang","article_publisher":"https:\/\/www.facebook.com\/ThumerOrchestertreff\/","article_author":"https:\/\/www.facebook.com\/ThumerOrchestertreff","article_published_time":"2017-06-12T07:10:39+00:00","article_modified_time":"2017-06-12T10:00:18+00:00","og_image":[{"width":720,"height":404,"url":"https:\/\/jbo-thum.de\/thumer-orchestertreff\/wp-content\/uploads\/2017\/06\/12b48f97.jpg","type":"image\/jpeg"}],"author":"Thumer Orchestertreff","twitter_card":"summary_large_image","twitter_misc":{"Verfasst von":"Thumer Orchestertreff","Gesch\u00e4tzte Lesezeit":"1\u00a0Minute"},"schema":{"@context":"https:\/\/schema.org","@graph":[{"@type":"Article","@id":"https:\/\/jbo-thum.de\/thumer-orchestertreff\/%cc%b6b%cc%b6a%cc%b6u%cc%b6m%cc%b6-aeh-zelt-faellt\/#article","isPartOf":{"@id":"https:\/\/jbo-thum.de\/thumer-orchestertreff\/%cc%b6b%cc%b6a%cc%b6u%cc%b6m%cc%b6-aeh-zelt-faellt\/"},"author":{"name":"Thumer Orchestertreff","@id":"https:\/\/jbo-thum.de\/thumer-orchestertreff\/#\/schema\/person\/bcf52dc0d3bd186e73bc8c8e46474ee9"},"headline":"\u0336B\u0336a\u0336u\u0336m\u0336 \u00e4h Zelt f\u00e4llt","datePublished":"2017-06-12T07:10:39+00:00","dateModified":"2017-06-12T10:00:18+00:00","mainEntityOfPage":{"@id":"https:\/\/jbo-thum.de\/thumer-orchestertreff\/%cc%b6b%cc%b6a%cc%b6u%cc%b6m%cc%b6-aeh-zelt-faellt\/"},"wordCount":178,"publisher":{"@id":"https:\/\/jbo-thum.de\/thumer-orchestertreff\/#organization"},"image":{"@id":"https:\/\/jbo-thum.de\/thumer-orchestertreff\/%cc%b6b%cc%b6a%cc%b6u%cc%b6m%cc%b6-aeh-zelt-faellt\/#primaryimage"},"thumbnailUrl":"https:\/\/jbo-thum.de\/thumer-orchestertreff\/wp-content\/uploads\/2017\/06\/12b48f97.jpg","keywords":["ThumerOrchestertreff"],"articleSection":["Aktuelles"],"inLanguage":"de"},{"@type":"WebPage","@id":"https:\/\/jbo-thum.de\/thumer-orchestertreff\/%cc%b6b%cc%b6a%cc%b6u%cc%b6m%cc%b6-aeh-zelt-faellt\/","url":"https:\/\/jbo-thum.de\/thumer-orchestertreff\/%cc%b6b%cc%b6a%cc%b6u%cc%b6m%cc%b6-aeh-zelt-faellt\/","name":"\u0336B\u0336a\u0336u\u0336m\u0336 \u00e4h Zelt f\u00e4llt | Dreiklang","isPartOf":{"@id":"https:\/\/jbo-thum.de\/thumer-orchestertreff\/#website"},"primaryImageOfPage":{"@id":"https:\/\/jbo-thum.de\/thumer-orchestertreff\/%cc%b6b%cc%b6a%cc%b6u%cc%b6m%cc%b6-aeh-zelt-faellt\/#primaryimage"},"image":{"@id":"https:\/\/jbo-thum.de\/thumer-orchestertreff\/%cc%b6b%cc%b6a%cc%b6u%cc%b6m%cc%b6-aeh-zelt-faellt\/#primaryimage"},"thumbnailUrl":"https:\/\/jbo-thum.de\/thumer-orchestertreff\/wp-content\/uploads\/2017\/06\/12b48f97.jpg","datePublished":"2017-06-12T07:10:39+00:00","dateModified":"2017-06-12T10:00:18+00:00","breadcrumb":{"@id":"https:\/\/jbo-thum.de\/thumer-orchestertreff\/%cc%b6b%cc%b6a%cc%b6u%cc%b6m%cc%b6-aeh-zelt-faellt\/#breadcrumb"},"inLanguage":"de","potentialAction":[{"@type":"ReadAction","target":["https:\/\/jbo-thum.de\/thumer-orchestertreff\/%cc%b6b%cc%b6a%cc%b6u%cc%b6m%cc%b6-aeh-zelt-faellt\/"]}]},{"@type":"ImageObject","inLanguage":"de","@id":"https:\/\/jbo-thum.de\/thumer-orchestertreff\/%cc%b6b%cc%b6a%cc%b6u%cc%b6m%cc%b6-aeh-zelt-faellt\/#primaryimage","url":"https:\/\/jbo-thum.de\/thumer-orchestertreff\/wp-content\/uploads\/2017\/06\/12b48f97.jpg","contentUrl":"https:\/\/jbo-thum.de\/thumer-orchestertreff\/wp-content\/uploads\/2017\/06\/12b48f97.jpg","width":720,"height":404},{"@type":"BreadcrumbList","@id":"https:\/\/jbo-thum.de\/thumer-orchestertreff\/%cc%b6b%cc%b6a%cc%b6u%cc%b6m%cc%b6-aeh-zelt-faellt\/#breadcrumb","itemListElement":[{"@type":"ListItem","position":1,"name":"Startseite","item":"https:\/\/jbo-thum.de\/thumer-orchestertreff\/"},{"@type":"ListItem","position":2,"name":"\u0336B\u0336a\u0336u\u0336m\u0336 \u00e4h Zelt f\u00e4llt"}]},{"@type":"WebSite","@id":"https:\/\/jbo-thum.de\/thumer-orchestertreff\/#website","url":"https:\/\/jbo-thum.de\/thumer-orchestertreff\/","name":"Dreiklang","description":"11. &amp; 12. Juni 2022","publisher":{"@id":"https:\/\/jbo-thum.de\/thumer-orchestertreff\/#organization"},"potentialAction":[{"@type":"SearchAction","target":{"@type":"EntryPoint","urlTemplate":"https:\/\/jbo-thum.de\/thumer-orchestertreff\/?s={search_term_string}"},"query-input":{"@type":"PropertyValueSpecification","valueRequired":true,"valueName":"search_term_string"}}],"inLanguage":"de"},{"@type":"Organization","@id":"https:\/\/jbo-thum.de\/thumer-orchestertreff\/#organization","name":"Thumer Orchestertreff","url":"https:\/\/jbo-thum.de\/thumer-orchestertreff\/","logo":{"@type":"ImageObject","inLanguage":"de","@id":"https:\/\/jbo-thum.de\/thumer-orchestertreff\/#\/schema\/logo\/image\/","url":"https:\/\/jbo-thum.de\/thumer-orchestertreff\/wp-content\/uploads\/2022\/05\/Dreiklang-Thum.png","contentUrl":"https:\/\/jbo-thum.de\/thumer-orchestertreff\/wp-content\/uploads\/2022\/05\/Dreiklang-Thum.png","width":394,"height":137,"caption":"Thumer Orchestertreff"},"image":{"@id":"https:\/\/jbo-thum.de\/thumer-orchestertreff\/#\/schema\/logo\/image\/"},"sameAs":["https:\/\/www.facebook.com\/ThumerOrchestertreff\/","https:\/\/www.instagram.com\/ThumerOrchestertreff\/"]},{"@type":"Person","@id":"https:\/\/jbo-thum.de\/thumer-orchestertreff\/#\/schema\/person\/bcf52dc0d3bd186e73bc8c8e46474ee9","name":"Thumer Orchestertreff","image":{"@type":"ImageObject","inLanguage":"de","@id":"https:\/\/jbo-thum.de\/thumer-orchestertreff\/#\/schema\/person\/image\/","url":"https:\/\/secure.gravatar.com\/avatar\/673e303657620b152b663a80c9bc883c?s=96&d=mm&r=g","contentUrl":"https:\/\/secure.gravatar.com\/avatar\/673e303657620b152b663a80c9bc883c?s=96&d=mm&r=g","caption":"Thumer Orchestertreff"},"sameAs":["https:\/\/www.facebook.com\/ThumerOrchestertreff"]}]}},"_links":{"self":[{"href":"https:\/\/jbo-thum.de\/thumer-orchestertreff\/wp-json\/wp\/v2\/posts\/552"}],"collection":[{"href":"https:\/\/jbo-thum.de\/thumer-orchestertreff\/wp-json\/wp\/v2\/posts"}],"about":[{"href":"https:\/\/jbo-thum.de\/thumer-orchestertreff\/wp-json\/wp\/v2\/types\/post"}],"author":[{"embeddable":true,"href":"https:\/\/jbo-thum.de\/thumer-orchestertreff\/wp-json\/wp\/v2\/users\/1"}],"replies":[{"embeddable":true,"href":"https:\/\/jbo-thum.de\/thumer-orchestertreff\/wp-json\/wp\/v2\/comments?post=552"}],"version-history":[{"count":1,"href":"https:\/\/jbo-thum.de\/thumer-orchestertreff\/wp-json\/wp\/v2\/posts\/552\/revisions"}],"predecessor-version":[{"id":554,"href":"https:\/\/jbo-thum.de\/thumer-orchestertreff\/wp-json\/wp\/v2\/posts\/552\/revisions\/554"}],"wp:featuredmedia":[{"embeddable":true,"href":"https:\/\/jbo-thum.de\/thumer-orchestertreff\/wp-json\/wp\/v2\/media\/553"}],"wp:attachment":[{"href":"https:\/\/jbo-thum.de\/thumer-orchestertreff\/wp-json\/wp\/v2\/media?parent=552"}],"wp:term":[{"taxonomy":"category","embeddable":true,"href":"https:\/\/jbo-thum.de\/thumer-orchestertreff\/wp-json\/wp\/v2\/categories?post=552"},{"taxonomy":"post_tag","embeddable":true,"href":"https:\/\/jbo-thum.de\/thumer-orchestertreff\/wp-json\/wp\/v2\/tags?post=552"}],"curies":[{"name":"wp","href":"https:\/\/api.w.org\/{rel}","templated":true}]}}