{"id":2083,"date":"2025-05-26T08:32:30","date_gmt":"2025-05-26T06:32:30","guid":{"rendered":"https:\/\/jbo-thum.de\/thumer-orchestertreff\/?p=2083"},"modified":"2025-05-26T08:34:03","modified_gmt":"2025-05-26T06:34:03","slug":"taktgebend-beim-dreiklang-die-mischung-aus-bewaehrtem-und-neuem","status":"publish","type":"post","link":"https:\/\/jbo-thum.de\/thumer-orchestertreff\/taktgebend-beim-dreiklang-die-mischung-aus-bewaehrtem-und-neuem\/","title":{"rendered":"Taktgebend beim DREIKLANG: Die Mischung aus Bew\u00e4hrtem und Neuem!"},"content":{"rendered":"\n<p><strong>Das Thumer Musik- und Vereinsfest DREIKLANG ist in seiner nunmehr schon vierten Auflage kaum noch wegzudenken aus dem Ortsgeschehen. Was einst als Notl\u00f6sung nach der Coronazeit begann, ist nun ein Hand in Hand von \u00f6rtlichen Vereinen und Engagierten unter der Federf\u00fchrung des Vereins Jugendblasorchester der Stadt Thum\/Erzgeb. e.V.<\/strong><\/p>\n\n\n\n<p>\u201eDas Wochenende nach Pfingsten wird wieder reichlich gef\u00fcllt sein mit zahlreichen musikalischen, kulturellen und Mitmach-Angeboten sowie Aktionen f\u00fcr Gro\u00df und Klein\u201c, freut sich die Vorsitzende des verantwortlichen Vereins Britt Anger auf den 13. bis 15. Juni 2025.<\/p>\n\n\n\n<p>Das Besondere ist: Obwohl das Fest nun schon seit 2022 in dieser Form besteht, ist es jedes Jahr anders und damit abwechslungsreich f\u00fcr die G\u00e4ste. \u201eIn diesem Jahr kam der T\u00fcrmer Matthias Barth auf uns zu und wollte sich gern mit einem T\u00fcrmerruf und einem -rundgang einbringen. Selbstverst\u00e4ndlich haben wir diesen H\u00f6hepunkt mit ins Programm aufgenommen\u201c, erz\u00e4hlt Claudia Haase, die sich im Ehrenamt hauptverantwortlich um die Organisation des Festes k\u00fcmmert. Schlie\u00dflich lebe das Fest von den Menschen, die es ausgestalten und ihre Talente einbringen. So bringt sich beispielsweise auch wieder der LSV Waldfrieden mit einem Lauf rund um Thum ein (\u201eDreiklang fit \u2013 Lauf doch mit!\u201c), erstmals mit Kinder-Lauf und Nordic Walking. Genauso dabei sind die \u00f6rtlichen Kitas, die Grundschulkinder, der Gospelchor Jahnsbach, die Sch\u00fclerinnen und Sch\u00fcler des Humanistischen Greifenstein Gymnasiums Thum, die Funkengarde aus Gelenau und noch viele mehr!<\/p>\n\n\n\n<p>Nat\u00fcrlich gibt es auch wieder Bekanntes zu erleben: Der Freitagabend geh\u00f6rt der elektronischen Musik. Beim Thumult heizen in diesem Jahr Andrea.S Berg und das DJ Duo Dash &amp; Paddixx die Stimmung an. Mit Getr\u00e4nkespecial von 20 bis 21 Uhr und einigen Besonderheiten f\u00fcr die Schulabschlussjahrg\u00e4nge wird der Abend definitiv lit! Der Abend des 14. Juni steht mit der Partyband Members ganz im bayrischen Flair. Die Band, die bereits mehrfach mit dem Fachmedienpreis als beste Stimmungs- und Partyband Deutschlands ausgezeichnet wurde, wird den Neumarkt und die Stimmung beben lassen! Die Fans der (traditionellen) b\u00f6hmischen Blasmusik kommen am Sonntag auf ihre Kosten. Und dazwischen warten jede Menge kulinarisch sowie Mitmachangebote der Vereine aus Thum und seinen Ortsteilen.<\/p>\n\n\n\n<p>Doch nicht nur musikalisch geht es hoch her: Die Jugendlichen des Jugendtreffs \u201eErreichbar\u201c Thum starten eine DKMS-Registrierungsaktion, um Stammzellenspender und -spenderinnen im Kampf gegen Blutkrebs zu finden. Schon aus diesem Grund lohnt es sich definitiv vorbeizukommen!<\/p>\n\n\n\n<p>Damit m\u00f6glichst viele Menschen das Fest besuchen k\u00f6nnen, liegt der Eintrittspreis f\u00fcr eine Tageskarte bei nur 7 Euro. F\u00fcr Kinder und Jugendliche unter 16 Jahren ist der Eintritt frei. Am Samstagabend wird sich der Ticketpreis wieder staffeln: Das hei\u00dft, wer sp\u00e4ter kommt, zahlt auch mehr. Zeitiges Kommen sichert also die besten (und g\u00fcnstigsten) Pl\u00e4tze! Und nicht nur das: Mit dem Eintrittsgeld tut ihr den \u00f6rtlichen Vereinen etwas Gutes \u2013 denn alle Erl\u00f6se flie\u00dfen wieder dorthin zur\u00fcck, um im Ehrenamt weiterhin etwas f\u00fcr Thum tun zu k\u00f6nnen! Das komplette Programm des DREKLANG ist unter <a href=\"https:\/\/jbo-thum.de\/dreiklang\">https:\/\/jbo-thum.de\/dreiklang<\/a> abrufbar.&nbsp;<\/p>\n\n\n\n<figure class=\"wp-block-image size-large\"><img loading=\"lazy\" decoding=\"async\" width=\"1024\" height=\"683\" src=\"https:\/\/jbo-thum.de\/thumer-orchestertreff\/wp-content\/uploads\/2025\/05\/Leni-Wolf-und-Claudia-Haase_Foto-JBO-Thum-Daniel-Schalling-1024x683.jpg\" alt=\"\" class=\"wp-image-2084\" srcset=\"https:\/\/jbo-thum.de\/thumer-orchestertreff\/wp-content\/uploads\/2025\/05\/Leni-Wolf-und-Claudia-Haase_Foto-JBO-Thum-Daniel-Schalling-1024x683.jpg 1024w, https:\/\/jbo-thum.de\/thumer-orchestertreff\/wp-content\/uploads\/2025\/05\/Leni-Wolf-und-Claudia-Haase_Foto-JBO-Thum-Daniel-Schalling-300x200.jpg 300w, https:\/\/jbo-thum.de\/thumer-orchestertreff\/wp-content\/uploads\/2025\/05\/Leni-Wolf-und-Claudia-Haase_Foto-JBO-Thum-Daniel-Schalling-768x512.jpg 768w, https:\/\/jbo-thum.de\/thumer-orchestertreff\/wp-content\/uploads\/2025\/05\/Leni-Wolf-und-Claudia-Haase_Foto-JBO-Thum-Daniel-Schalling-1536x1024.jpg 1536w, https:\/\/jbo-thum.de\/thumer-orchestertreff\/wp-content\/uploads\/2025\/05\/Leni-Wolf-und-Claudia-Haase_Foto-JBO-Thum-Daniel-Schalling-2048x1366.jpg 2048w, https:\/\/jbo-thum.de\/thumer-orchestertreff\/wp-content\/uploads\/2025\/05\/Leni-Wolf-und-Claudia-Haase_Foto-JBO-Thum-Daniel-Schalling-930x620.jpg 930w\" sizes=\"(max-width: 1024px) 100vw, 1024px\" \/><figcaption class=\"wp-element-caption\"><em>Leni Wolf vom LSV Waldfrieden Thum e.V. (links) stellt zusammen mit Claudia Haase vom Verein Jugendblasorchester der Stadt Thum\/Erzgeb. e.V. dem ehrenamtlichen Organisationsstab des Festes den neuen Lauf \u201eDreiklang Fit\u201c vor, bei dem es erstmals auch einen Kinder-Lauf und Nordic Walking geben wird.<\/em><\/figcaption><\/figure>\n","protected":false},"excerpt":{"rendered":"<p>Das Thumer Musik- und Vereinsfest DREIKLANG ist in seiner nunmehr schon vierten Auflage kaum noch wegzudenken aus dem Ortsgeschehen. Was einst als Notl\u00f6sung nach der Coronazeit begann, ist nun ein Hand in Hand von \u00f6rtlichen Vereinen und Engagierten unter der Federf\u00fchrung des Vereins Jugendblasorchester der Stadt Thum\/Erzgeb. e.V. \u201eDas Wochenende nach Pfingsten wird wieder reichlich&hellip;&nbsp;<a href=\"https:\/\/jbo-thum.de\/thumer-orchestertreff\/taktgebend-beim-dreiklang-die-mischung-aus-bewaehrtem-und-neuem\/\" rel=\"bookmark\">Weiterlesen &raquo;<span class=\"screen-reader-text\">Taktgebend beim DREIKLANG: Die Mischung aus Bew\u00e4hrtem und Neuem!<\/span><\/a><\/p>\n","protected":false},"author":1,"featured_media":2084,"comment_status":"closed","ping_status":"closed","sticky":false,"template":"","format":"standard","meta":{"rop_custom_images_group":[],"rop_custom_messages_group":[],"rop_publish_now":"initial","rop_publish_now_accounts":[],"rop_publish_now_history":[],"rop_publish_now_status":"pending","neve_meta_sidebar":"","neve_meta_container":"","neve_meta_enable_content_width":"","neve_meta_content_width":0,"neve_meta_title_alignment":"","neve_meta_author_avatar":"","neve_post_elements_order":"","neve_meta_disable_header":"","neve_meta_disable_footer":"","neve_meta_disable_title":"","footnotes":""},"categories":[1],"tags":[],"yoast_head":"<!-- This site is optimized with the Yoast SEO plugin v24.5 - https:\/\/yoast.com\/wordpress\/plugins\/seo\/ -->\n<title>Taktgebend beim DREIKLANG: Die Mischung aus Bew\u00e4hrtem und Neuem! | Dreiklang<\/title>\n<meta name=\"robots\" content=\"index, follow, max-snippet:-1, max-image-preview:large, max-video-preview:-1\" \/>\n<link rel=\"canonical\" href=\"https:\/\/jbo-thum.de\/thumer-orchestertreff\/taktgebend-beim-dreiklang-die-mischung-aus-bewaehrtem-und-neuem\/\" \/>\n<meta property=\"og:locale\" content=\"de_DE\" \/>\n<meta property=\"og:type\" content=\"article\" \/>\n<meta property=\"og:title\" content=\"Taktgebend beim DREIKLANG: Die Mischung aus Bew\u00e4hrtem und Neuem! | Dreiklang\" \/>\n<meta property=\"og:description\" content=\"Das Thumer Musik- und Vereinsfest DREIKLANG ist in seiner nunmehr schon vierten Auflage kaum noch wegzudenken aus dem Ortsgeschehen. Was einst als Notl\u00f6sung nach der Coronazeit begann, ist nun ein Hand in Hand von \u00f6rtlichen Vereinen und Engagierten unter der Federf\u00fchrung des Vereins Jugendblasorchester der Stadt Thum\/Erzgeb. e.V. \u201eDas Wochenende nach Pfingsten wird wieder reichlich&hellip;&nbsp;Weiterlesen &raquo;Taktgebend beim DREIKLANG: Die Mischung aus Bew\u00e4hrtem und Neuem!\" \/>\n<meta property=\"og:url\" content=\"https:\/\/jbo-thum.de\/thumer-orchestertreff\/taktgebend-beim-dreiklang-die-mischung-aus-bewaehrtem-und-neuem\/\" \/>\n<meta property=\"og:site_name\" content=\"Dreiklang\" \/>\n<meta property=\"article:publisher\" content=\"https:\/\/www.facebook.com\/ThumerOrchestertreff\/\" \/>\n<meta property=\"article:author\" content=\"https:\/\/www.facebook.com\/ThumerOrchestertreff\" \/>\n<meta property=\"article:published_time\" content=\"2025-05-26T06:32:30+00:00\" \/>\n<meta property=\"article:modified_time\" content=\"2025-05-26T06:34:03+00:00\" \/>\n<meta property=\"og:image\" content=\"https:\/\/jbo-thum.de\/thumer-orchestertreff\/wp-content\/uploads\/2025\/05\/Leni-Wolf-und-Claudia-Haase_Foto-JBO-Thum-Daniel-Schalling.jpg\" \/>\n\t<meta property=\"og:image:width\" content=\"2500\" \/>\n\t<meta property=\"og:image:height\" content=\"1667\" \/>\n\t<meta property=\"og:image:type\" content=\"image\/jpeg\" \/>\n<meta name=\"author\" content=\"Thumer Orchestertreff\" \/>\n<meta name=\"twitter:card\" content=\"summary_large_image\" \/>\n<meta name=\"twitter:label1\" content=\"Verfasst von\" \/>\n\t<meta name=\"twitter:data1\" content=\"Thumer Orchestertreff\" \/>\n\t<meta name=\"twitter:label2\" content=\"Gesch\u00e4tzte Lesezeit\" \/>\n\t<meta name=\"twitter:data2\" content=\"4\u00a0Minuten\" \/>\n<script type=\"application\/ld+json\" class=\"yoast-schema-graph\">{\"@context\":\"https:\/\/schema.org\",\"@graph\":[{\"@type\":\"Article\",\"@id\":\"https:\/\/jbo-thum.de\/thumer-orchestertreff\/taktgebend-beim-dreiklang-die-mischung-aus-bewaehrtem-und-neuem\/#article\",\"isPartOf\":{\"@id\":\"https:\/\/jbo-thum.de\/thumer-orchestertreff\/taktgebend-beim-dreiklang-die-mischung-aus-bewaehrtem-und-neuem\/\"},\"author\":{\"name\":\"Thumer Orchestertreff\",\"@id\":\"https:\/\/jbo-thum.de\/thumer-orchestertreff\/#\/schema\/person\/bcf52dc0d3bd186e73bc8c8e46474ee9\"},\"headline\":\"Taktgebend beim DREIKLANG: Die Mischung aus Bew\u00e4hrtem und Neuem!\",\"datePublished\":\"2025-05-26T06:32:30+00:00\",\"dateModified\":\"2025-05-26T06:34:03+00:00\",\"mainEntityOfPage\":{\"@id\":\"https:\/\/jbo-thum.de\/thumer-orchestertreff\/taktgebend-beim-dreiklang-die-mischung-aus-bewaehrtem-und-neuem\/\"},\"wordCount\":557,\"publisher\":{\"@id\":\"https:\/\/jbo-thum.de\/thumer-orchestertreff\/#organization\"},\"image\":{\"@id\":\"https:\/\/jbo-thum.de\/thumer-orchestertreff\/taktgebend-beim-dreiklang-die-mischung-aus-bewaehrtem-und-neuem\/#primaryimage\"},\"thumbnailUrl\":\"https:\/\/jbo-thum.de\/thumer-orchestertreff\/wp-content\/uploads\/2025\/05\/Leni-Wolf-und-Claudia-Haase_Foto-JBO-Thum-Daniel-Schalling.jpg\",\"articleSection\":[\"Aktuelles\"],\"inLanguage\":\"de\"},{\"@type\":\"WebPage\",\"@id\":\"https:\/\/jbo-thum.de\/thumer-orchestertreff\/taktgebend-beim-dreiklang-die-mischung-aus-bewaehrtem-und-neuem\/\",\"url\":\"https:\/\/jbo-thum.de\/thumer-orchestertreff\/taktgebend-beim-dreiklang-die-mischung-aus-bewaehrtem-und-neuem\/\",\"name\":\"Taktgebend beim DREIKLANG: Die Mischung aus Bew\u00e4hrtem und Neuem! | Dreiklang\",\"isPartOf\":{\"@id\":\"https:\/\/jbo-thum.de\/thumer-orchestertreff\/#website\"},\"primaryImageOfPage\":{\"@id\":\"https:\/\/jbo-thum.de\/thumer-orchestertreff\/taktgebend-beim-dreiklang-die-mischung-aus-bewaehrtem-und-neuem\/#primaryimage\"},\"image\":{\"@id\":\"https:\/\/jbo-thum.de\/thumer-orchestertreff\/taktgebend-beim-dreiklang-die-mischung-aus-bewaehrtem-und-neuem\/#primaryimage\"},\"thumbnailUrl\":\"https:\/\/jbo-thum.de\/thumer-orchestertreff\/wp-content\/uploads\/2025\/05\/Leni-Wolf-und-Claudia-Haase_Foto-JBO-Thum-Daniel-Schalling.jpg\",\"datePublished\":\"2025-05-26T06:32:30+00:00\",\"dateModified\":\"2025-05-26T06:34:03+00:00\",\"breadcrumb\":{\"@id\":\"https:\/\/jbo-thum.de\/thumer-orchestertreff\/taktgebend-beim-dreiklang-die-mischung-aus-bewaehrtem-und-neuem\/#breadcrumb\"},\"inLanguage\":\"de\",\"potentialAction\":[{\"@type\":\"ReadAction\",\"target\":[\"https:\/\/jbo-thum.de\/thumer-orchestertreff\/taktgebend-beim-dreiklang-die-mischung-aus-bewaehrtem-und-neuem\/\"]}]},{\"@type\":\"ImageObject\",\"inLanguage\":\"de\",\"@id\":\"https:\/\/jbo-thum.de\/thumer-orchestertreff\/taktgebend-beim-dreiklang-die-mischung-aus-bewaehrtem-und-neuem\/#primaryimage\",\"url\":\"https:\/\/jbo-thum.de\/thumer-orchestertreff\/wp-content\/uploads\/2025\/05\/Leni-Wolf-und-Claudia-Haase_Foto-JBO-Thum-Daniel-Schalling.jpg\",\"contentUrl\":\"https:\/\/jbo-thum.de\/thumer-orchestertreff\/wp-content\/uploads\/2025\/05\/Leni-Wolf-und-Claudia-Haase_Foto-JBO-Thum-Daniel-Schalling.jpg\",\"width\":2500,\"height\":1667,\"caption\":\"Leni Wolf vom LSV Waldfrieden Thum e.V. (links) stellt zusammen mit Claudia Haase vom Verein Jugendblasorchester der Stadt Thum\/Erzgeb. e.V. dem ehrenamtlichen Organisationsstab des Festes den neuen Lauf \u201eDreiklang Fit\u201c vor, bei dem es erstmals auch einen Kinder-Lauf und Nordic Walking geben wird.\"},{\"@type\":\"BreadcrumbList\",\"@id\":\"https:\/\/jbo-thum.de\/thumer-orchestertreff\/taktgebend-beim-dreiklang-die-mischung-aus-bewaehrtem-und-neuem\/#breadcrumb\",\"itemListElement\":[{\"@type\":\"ListItem\",\"position\":1,\"name\":\"Startseite\",\"item\":\"https:\/\/jbo-thum.de\/thumer-orchestertreff\/\"},{\"@type\":\"ListItem\",\"position\":2,\"name\":\"Taktgebend beim DREIKLANG: Die Mischung aus Bew\u00e4hrtem und Neuem!\"}]},{\"@type\":\"WebSite\",\"@id\":\"https:\/\/jbo-thum.de\/thumer-orchestertreff\/#website\",\"url\":\"https:\/\/jbo-thum.de\/thumer-orchestertreff\/\",\"name\":\"Dreiklang\",\"description\":\"11. &amp; 12. Juni 2022\",\"publisher\":{\"@id\":\"https:\/\/jbo-thum.de\/thumer-orchestertreff\/#organization\"},\"potentialAction\":[{\"@type\":\"SearchAction\",\"target\":{\"@type\":\"EntryPoint\",\"urlTemplate\":\"https:\/\/jbo-thum.de\/thumer-orchestertreff\/?s={search_term_string}\"},\"query-input\":{\"@type\":\"PropertyValueSpecification\",\"valueRequired\":true,\"valueName\":\"search_term_string\"}}],\"inLanguage\":\"de\"},{\"@type\":\"Organization\",\"@id\":\"https:\/\/jbo-thum.de\/thumer-orchestertreff\/#organization\",\"name\":\"Thumer Orchestertreff\",\"url\":\"https:\/\/jbo-thum.de\/thumer-orchestertreff\/\",\"logo\":{\"@type\":\"ImageObject\",\"inLanguage\":\"de\",\"@id\":\"https:\/\/jbo-thum.de\/thumer-orchestertreff\/#\/schema\/logo\/image\/\",\"url\":\"https:\/\/jbo-thum.de\/thumer-orchestertreff\/wp-content\/uploads\/2022\/05\/Dreiklang-Thum.png\",\"contentUrl\":\"https:\/\/jbo-thum.de\/thumer-orchestertreff\/wp-content\/uploads\/2022\/05\/Dreiklang-Thum.png\",\"width\":394,\"height\":137,\"caption\":\"Thumer Orchestertreff\"},\"image\":{\"@id\":\"https:\/\/jbo-thum.de\/thumer-orchestertreff\/#\/schema\/logo\/image\/\"},\"sameAs\":[\"https:\/\/www.facebook.com\/ThumerOrchestertreff\/\",\"https:\/\/www.instagram.com\/ThumerOrchestertreff\/\"]},{\"@type\":\"Person\",\"@id\":\"https:\/\/jbo-thum.de\/thumer-orchestertreff\/#\/schema\/person\/bcf52dc0d3bd186e73bc8c8e46474ee9\",\"name\":\"Thumer Orchestertreff\",\"image\":{\"@type\":\"ImageObject\",\"inLanguage\":\"de\",\"@id\":\"https:\/\/jbo-thum.de\/thumer-orchestertreff\/#\/schema\/person\/image\/\",\"url\":\"https:\/\/secure.gravatar.com\/avatar\/673e303657620b152b663a80c9bc883c?s=96&d=mm&r=g\",\"contentUrl\":\"https:\/\/secure.gravatar.com\/avatar\/673e303657620b152b663a80c9bc883c?s=96&d=mm&r=g\",\"caption\":\"Thumer Orchestertreff\"},\"sameAs\":[\"https:\/\/www.facebook.com\/ThumerOrchestertreff\"]}]}<\/script>\n<!-- \/ Yoast SEO plugin. -->","yoast_head_json":{"title":"Taktgebend beim DREIKLANG: Die Mischung aus Bew\u00e4hrtem und Neuem! | Dreiklang","robots":{"index":"index","follow":"follow","max-snippet":"max-snippet:-1","max-image-preview":"max-image-preview:large","max-video-preview":"max-video-preview:-1"},"canonical":"https:\/\/jbo-thum.de\/thumer-orchestertreff\/taktgebend-beim-dreiklang-die-mischung-aus-bewaehrtem-und-neuem\/","og_locale":"de_DE","og_type":"article","og_title":"Taktgebend beim DREIKLANG: Die Mischung aus Bew\u00e4hrtem und Neuem! | Dreiklang","og_description":"Das Thumer Musik- und Vereinsfest DREIKLANG ist in seiner nunmehr schon vierten Auflage kaum noch wegzudenken aus dem Ortsgeschehen. Was einst als Notl\u00f6sung nach der Coronazeit begann, ist nun ein Hand in Hand von \u00f6rtlichen Vereinen und Engagierten unter der Federf\u00fchrung des Vereins Jugendblasorchester der Stadt Thum\/Erzgeb. e.V. \u201eDas Wochenende nach Pfingsten wird wieder reichlich&hellip;&nbsp;Weiterlesen &raquo;Taktgebend beim DREIKLANG: Die Mischung aus Bew\u00e4hrtem und Neuem!","og_url":"https:\/\/jbo-thum.de\/thumer-orchestertreff\/taktgebend-beim-dreiklang-die-mischung-aus-bewaehrtem-und-neuem\/","og_site_name":"Dreiklang","article_publisher":"https:\/\/www.facebook.com\/ThumerOrchestertreff\/","article_author":"https:\/\/www.facebook.com\/ThumerOrchestertreff","article_published_time":"2025-05-26T06:32:30+00:00","article_modified_time":"2025-05-26T06:34:03+00:00","og_image":[{"width":2500,"height":1667,"url":"https:\/\/jbo-thum.de\/thumer-orchestertreff\/wp-content\/uploads\/2025\/05\/Leni-Wolf-und-Claudia-Haase_Foto-JBO-Thum-Daniel-Schalling.jpg","type":"image\/jpeg"}],"author":"Thumer Orchestertreff","twitter_card":"summary_large_image","twitter_misc":{"Verfasst von":"Thumer Orchestertreff","Gesch\u00e4tzte Lesezeit":"4\u00a0Minuten"},"schema":{"@context":"https:\/\/schema.org","@graph":[{"@type":"Article","@id":"https:\/\/jbo-thum.de\/thumer-orchestertreff\/taktgebend-beim-dreiklang-die-mischung-aus-bewaehrtem-und-neuem\/#article","isPartOf":{"@id":"https:\/\/jbo-thum.de\/thumer-orchestertreff\/taktgebend-beim-dreiklang-die-mischung-aus-bewaehrtem-und-neuem\/"},"author":{"name":"Thumer Orchestertreff","@id":"https:\/\/jbo-thum.de\/thumer-orchestertreff\/#\/schema\/person\/bcf52dc0d3bd186e73bc8c8e46474ee9"},"headline":"Taktgebend beim DREIKLANG: Die Mischung aus Bew\u00e4hrtem und Neuem!","datePublished":"2025-05-26T06:32:30+00:00","dateModified":"2025-05-26T06:34:03+00:00","mainEntityOfPage":{"@id":"https:\/\/jbo-thum.de\/thumer-orchestertreff\/taktgebend-beim-dreiklang-die-mischung-aus-bewaehrtem-und-neuem\/"},"wordCount":557,"publisher":{"@id":"https:\/\/jbo-thum.de\/thumer-orchestertreff\/#organization"},"image":{"@id":"https:\/\/jbo-thum.de\/thumer-orchestertreff\/taktgebend-beim-dreiklang-die-mischung-aus-bewaehrtem-und-neuem\/#primaryimage"},"thumbnailUrl":"https:\/\/jbo-thum.de\/thumer-orchestertreff\/wp-content\/uploads\/2025\/05\/Leni-Wolf-und-Claudia-Haase_Foto-JBO-Thum-Daniel-Schalling.jpg","articleSection":["Aktuelles"],"inLanguage":"de"},{"@type":"WebPage","@id":"https:\/\/jbo-thum.de\/thumer-orchestertreff\/taktgebend-beim-dreiklang-die-mischung-aus-bewaehrtem-und-neuem\/","url":"https:\/\/jbo-thum.de\/thumer-orchestertreff\/taktgebend-beim-dreiklang-die-mischung-aus-bewaehrtem-und-neuem\/","name":"Taktgebend beim DREIKLANG: Die Mischung aus Bew\u00e4hrtem und Neuem! | Dreiklang","isPartOf":{"@id":"https:\/\/jbo-thum.de\/thumer-orchestertreff\/#website"},"primaryImageOfPage":{"@id":"https:\/\/jbo-thum.de\/thumer-orchestertreff\/taktgebend-beim-dreiklang-die-mischung-aus-bewaehrtem-und-neuem\/#primaryimage"},"image":{"@id":"https:\/\/jbo-thum.de\/thumer-orchestertreff\/taktgebend-beim-dreiklang-die-mischung-aus-bewaehrtem-und-neuem\/#primaryimage"},"thumbnailUrl":"https:\/\/jbo-thum.de\/thumer-orchestertreff\/wp-content\/uploads\/2025\/05\/Leni-Wolf-und-Claudia-Haase_Foto-JBO-Thum-Daniel-Schalling.jpg","datePublished":"2025-05-26T06:32:30+00:00","dateModified":"2025-05-26T06:34:03+00:00","breadcrumb":{"@id":"https:\/\/jbo-thum.de\/thumer-orchestertreff\/taktgebend-beim-dreiklang-die-mischung-aus-bewaehrtem-und-neuem\/#breadcrumb"},"inLanguage":"de","potentialAction":[{"@type":"ReadAction","target":["https:\/\/jbo-thum.de\/thumer-orchestertreff\/taktgebend-beim-dreiklang-die-mischung-aus-bewaehrtem-und-neuem\/"]}]},{"@type":"ImageObject","inLanguage":"de","@id":"https:\/\/jbo-thum.de\/thumer-orchestertreff\/taktgebend-beim-dreiklang-die-mischung-aus-bewaehrtem-und-neuem\/#primaryimage","url":"https:\/\/jbo-thum.de\/thumer-orchestertreff\/wp-content\/uploads\/2025\/05\/Leni-Wolf-und-Claudia-Haase_Foto-JBO-Thum-Daniel-Schalling.jpg","contentUrl":"https:\/\/jbo-thum.de\/thumer-orchestertreff\/wp-content\/uploads\/2025\/05\/Leni-Wolf-und-Claudia-Haase_Foto-JBO-Thum-Daniel-Schalling.jpg","width":2500,"height":1667,"caption":"Leni Wolf vom LSV Waldfrieden Thum e.V. (links) stellt zusammen mit Claudia Haase vom Verein Jugendblasorchester der Stadt Thum\/Erzgeb. e.V. dem ehrenamtlichen Organisationsstab des Festes den neuen Lauf \u201eDreiklang Fit\u201c vor, bei dem es erstmals auch einen Kinder-Lauf und Nordic Walking geben wird."},{"@type":"BreadcrumbList","@id":"https:\/\/jbo-thum.de\/thumer-orchestertreff\/taktgebend-beim-dreiklang-die-mischung-aus-bewaehrtem-und-neuem\/#breadcrumb","itemListElement":[{"@type":"ListItem","position":1,"name":"Startseite","item":"https:\/\/jbo-thum.de\/thumer-orchestertreff\/"},{"@type":"ListItem","position":2,"name":"Taktgebend beim DREIKLANG: Die Mischung aus Bew\u00e4hrtem und Neuem!"}]},{"@type":"WebSite","@id":"https:\/\/jbo-thum.de\/thumer-orchestertreff\/#website","url":"https:\/\/jbo-thum.de\/thumer-orchestertreff\/","name":"Dreiklang","description":"11. &amp; 12. Juni 2022","publisher":{"@id":"https:\/\/jbo-thum.de\/thumer-orchestertreff\/#organization"},"potentialAction":[{"@type":"SearchAction","target":{"@type":"EntryPoint","urlTemplate":"https:\/\/jbo-thum.de\/thumer-orchestertreff\/?s={search_term_string}"},"query-input":{"@type":"PropertyValueSpecification","valueRequired":true,"valueName":"search_term_string"}}],"inLanguage":"de"},{"@type":"Organization","@id":"https:\/\/jbo-thum.de\/thumer-orchestertreff\/#organization","name":"Thumer Orchestertreff","url":"https:\/\/jbo-thum.de\/thumer-orchestertreff\/","logo":{"@type":"ImageObject","inLanguage":"de","@id":"https:\/\/jbo-thum.de\/thumer-orchestertreff\/#\/schema\/logo\/image\/","url":"https:\/\/jbo-thum.de\/thumer-orchestertreff\/wp-content\/uploads\/2022\/05\/Dreiklang-Thum.png","contentUrl":"https:\/\/jbo-thum.de\/thumer-orchestertreff\/wp-content\/uploads\/2022\/05\/Dreiklang-Thum.png","width":394,"height":137,"caption":"Thumer Orchestertreff"},"image":{"@id":"https:\/\/jbo-thum.de\/thumer-orchestertreff\/#\/schema\/logo\/image\/"},"sameAs":["https:\/\/www.facebook.com\/ThumerOrchestertreff\/","https:\/\/www.instagram.com\/ThumerOrchestertreff\/"]},{"@type":"Person","@id":"https:\/\/jbo-thum.de\/thumer-orchestertreff\/#\/schema\/person\/bcf52dc0d3bd186e73bc8c8e46474ee9","name":"Thumer Orchestertreff","image":{"@type":"ImageObject","inLanguage":"de","@id":"https:\/\/jbo-thum.de\/thumer-orchestertreff\/#\/schema\/person\/image\/","url":"https:\/\/secure.gravatar.com\/avatar\/673e303657620b152b663a80c9bc883c?s=96&d=mm&r=g","contentUrl":"https:\/\/secure.gravatar.com\/avatar\/673e303657620b152b663a80c9bc883c?s=96&d=mm&r=g","caption":"Thumer Orchestertreff"},"sameAs":["https:\/\/www.facebook.com\/ThumerOrchestertreff"]}]}},"_links":{"self":[{"href":"https:\/\/jbo-thum.de\/thumer-orchestertreff\/wp-json\/wp\/v2\/posts\/2083"}],"collection":[{"href":"https:\/\/jbo-thum.de\/thumer-orchestertreff\/wp-json\/wp\/v2\/posts"}],"about":[{"href":"https:\/\/jbo-thum.de\/thumer-orchestertreff\/wp-json\/wp\/v2\/types\/post"}],"author":[{"embeddable":true,"href":"https:\/\/jbo-thum.de\/thumer-orchestertreff\/wp-json\/wp\/v2\/users\/1"}],"replies":[{"embeddable":true,"href":"https:\/\/jbo-thum.de\/thumer-orchestertreff\/wp-json\/wp\/v2\/comments?post=2083"}],"version-history":[{"count":2,"href":"https:\/\/jbo-thum.de\/thumer-orchestertreff\/wp-json\/wp\/v2\/posts\/2083\/revisions"}],"predecessor-version":[{"id":2086,"href":"https:\/\/jbo-thum.de\/thumer-orchestertreff\/wp-json\/wp\/v2\/posts\/2083\/revisions\/2086"}],"wp:featuredmedia":[{"embeddable":true,"href":"https:\/\/jbo-thum.de\/thumer-orchestertreff\/wp-json\/wp\/v2\/media\/2084"}],"wp:attachment":[{"href":"https:\/\/jbo-thum.de\/thumer-orchestertreff\/wp-json\/wp\/v2\/media?parent=2083"}],"wp:term":[{"taxonomy":"category","embeddable":true,"href":"https:\/\/jbo-thum.de\/thumer-orchestertreff\/wp-json\/wp\/v2\/categories?post=2083"},{"taxonomy":"post_tag","embeddable":true,"href":"https:\/\/jbo-thum.de\/thumer-orchestertreff\/wp-json\/wp\/v2\/tags?post=2083"}],"curies":[{"name":"wp","href":"https:\/\/api.w.org\/{rel}","templated":true}]}}