{"id":190,"date":"2017-03-12T13:22:13","date_gmt":"2017-03-12T12:22:13","guid":{"rendered":"http:\/\/jbo-thum.de\/thumer-orchestertreff\/wir-sind-bereits-mitten-in-der-planung-fuer-den\/"},"modified":"2017-03-19T12:13:11","modified_gmt":"2017-03-19T11:13:11","slug":"wir-sind-bereits-mitten-in-der-planung-fuer-den","status":"publish","type":"post","link":"https:\/\/jbo-thum.de\/thumer-orchestertreff\/wir-sind-bereits-mitten-in-der-planung-fuer-den\/","title":{"rendered":"Wir sind bereits mitten in der Planung f\u00fcr den &#8230;"},"content":{"rendered":"\n<p>Wir sind bereits mitten in der Planung f\u00fcr den #OT2017. Und das Programm nimmt bereits jetzt immer mehr Form an. In den n\u00e4chsten Wochen geben wir euch deshalb regelm\u00e4\u00dfig einen Einblick in das, was auf euch zum 27. Thumer Orchestertreff zukommt!<\/p>\n<div class=\"fbfpi_photo\">\n\t<a href=\"https:\/\/www.facebook.com\/ThumerOrchestertreff\/photos\/a.216873271677719.58601.197175940314119\/1502612889770411\/?type=3\" target=\"\"><img decoding=\"async\" src=\"https:\/\/jbo-thum.de\/thumer-orchestertreff\/wp-content\/uploads\/2017\/03\/d5465452.jpg\"><\/a>\n\t<\/div>\n","protected":false},"excerpt":{"rendered":"<p>Wir sind bereits mitten in der Planung f\u00fcr den #OT2017. Und das Programm nimmt bereits jetzt immer mehr Form an. In den n\u00e4chsten Wochen geben wir euch deshalb regelm\u00e4\u00dfig einen Einblick in das, was auf euch zum 27. Thumer Orchestertreff zukommt!<\/p>\n","protected":false},"author":1,"featured_media":191,"comment_status":"closed","ping_status":"open","sticky":false,"template":"","format":"standard","meta":{"rop_custom_images_group":[],"rop_custom_messages_group":[],"rop_publish_now":"initial","rop_publish_now_accounts":[],"rop_publish_now_history":[],"rop_publish_now_status":"pending","neve_meta_sidebar":"","neve_meta_container":"","neve_meta_enable_content_width":"","neve_meta_content_width":0,"neve_meta_title_alignment":"","neve_meta_author_avatar":"","neve_post_elements_order":"","neve_meta_disable_header":"","neve_meta_disable_footer":"","neve_meta_disable_title":"","footnotes":""},"categories":[1],"tags":[7],"yoast_head":"<!-- This site is optimized with the Yoast SEO plugin v24.5 - https:\/\/yoast.com\/wordpress\/plugins\/seo\/ -->\n<title>Wir sind bereits mitten in der Planung f\u00fcr den ... | Dreiklang<\/title>\n<meta name=\"robots\" content=\"index, follow, max-snippet:-1, max-image-preview:large, max-video-preview:-1\" \/>\n<link rel=\"canonical\" href=\"https:\/\/jbo-thum.de\/thumer-orchestertreff\/wir-sind-bereits-mitten-in-der-planung-fuer-den\/\" \/>\n<meta property=\"og:locale\" content=\"de_DE\" \/>\n<meta property=\"og:type\" content=\"article\" \/>\n<meta property=\"og:title\" content=\"Wir sind bereits mitten in der Planung f\u00fcr den ... | Dreiklang\" \/>\n<meta property=\"og:description\" content=\"Wir sind bereits mitten in der Planung f\u00fcr den #OT2017. Und das Programm nimmt bereits jetzt immer mehr Form an. In den n\u00e4chsten Wochen geben wir euch deshalb regelm\u00e4\u00dfig einen Einblick in das, was auf euch zum 27. Thumer Orchestertreff zukommt!\" \/>\n<meta property=\"og:url\" content=\"https:\/\/jbo-thum.de\/thumer-orchestertreff\/wir-sind-bereits-mitten-in-der-planung-fuer-den\/\" \/>\n<meta property=\"og:site_name\" content=\"Dreiklang\" \/>\n<meta property=\"article:publisher\" content=\"https:\/\/www.facebook.com\/ThumerOrchestertreff\/\" \/>\n<meta property=\"article:author\" content=\"https:\/\/www.facebook.com\/ThumerOrchestertreff\" \/>\n<meta property=\"article:published_time\" content=\"2017-03-12T12:22:13+00:00\" \/>\n<meta property=\"article:modified_time\" content=\"2017-03-19T11:13:11+00:00\" \/>\n<meta property=\"og:image\" content=\"https:\/\/jbo-thum.de\/thumer-orchestertreff\/wp-content\/uploads\/2017\/03\/d5465452.jpg\" \/>\n\t<meta property=\"og:image:width\" content=\"720\" \/>\n\t<meta property=\"og:image:height\" content=\"501\" \/>\n\t<meta property=\"og:image:type\" content=\"image\/jpeg\" \/>\n<meta name=\"author\" content=\"Thumer Orchestertreff\" \/>\n<meta name=\"twitter:card\" content=\"summary_large_image\" \/>\n<meta name=\"twitter:label1\" content=\"Verfasst von\" \/>\n\t<meta name=\"twitter:data1\" content=\"Thumer Orchestertreff\" \/>\n<script type=\"application\/ld+json\" class=\"yoast-schema-graph\">{\"@context\":\"https:\/\/schema.org\",\"@graph\":[{\"@type\":\"Article\",\"@id\":\"https:\/\/jbo-thum.de\/thumer-orchestertreff\/wir-sind-bereits-mitten-in-der-planung-fuer-den\/#article\",\"isPartOf\":{\"@id\":\"https:\/\/jbo-thum.de\/thumer-orchestertreff\/wir-sind-bereits-mitten-in-der-planung-fuer-den\/\"},\"author\":{\"name\":\"Thumer Orchestertreff\",\"@id\":\"https:\/\/jbo-thum.de\/thumer-orchestertreff\/#\/schema\/person\/bcf52dc0d3bd186e73bc8c8e46474ee9\"},\"headline\":\"Wir sind bereits mitten in der Planung f\u00fcr den &#8230;\",\"datePublished\":\"2017-03-12T12:22:13+00:00\",\"dateModified\":\"2017-03-19T11:13:11+00:00\",\"mainEntityOfPage\":{\"@id\":\"https:\/\/jbo-thum.de\/thumer-orchestertreff\/wir-sind-bereits-mitten-in-der-planung-fuer-den\/\"},\"wordCount\":53,\"publisher\":{\"@id\":\"https:\/\/jbo-thum.de\/thumer-orchestertreff\/#organization\"},\"image\":{\"@id\":\"https:\/\/jbo-thum.de\/thumer-orchestertreff\/wir-sind-bereits-mitten-in-der-planung-fuer-den\/#primaryimage\"},\"thumbnailUrl\":\"https:\/\/jbo-thum.de\/thumer-orchestertreff\/wp-content\/uploads\/2017\/03\/d5465452.jpg\",\"keywords\":[\"OT2017\"],\"articleSection\":[\"Aktuelles\"],\"inLanguage\":\"de\"},{\"@type\":\"WebPage\",\"@id\":\"https:\/\/jbo-thum.de\/thumer-orchestertreff\/wir-sind-bereits-mitten-in-der-planung-fuer-den\/\",\"url\":\"https:\/\/jbo-thum.de\/thumer-orchestertreff\/wir-sind-bereits-mitten-in-der-planung-fuer-den\/\",\"name\":\"Wir sind bereits mitten in der Planung f\u00fcr den ... | Dreiklang\",\"isPartOf\":{\"@id\":\"https:\/\/jbo-thum.de\/thumer-orchestertreff\/#website\"},\"primaryImageOfPage\":{\"@id\":\"https:\/\/jbo-thum.de\/thumer-orchestertreff\/wir-sind-bereits-mitten-in-der-planung-fuer-den\/#primaryimage\"},\"image\":{\"@id\":\"https:\/\/jbo-thum.de\/thumer-orchestertreff\/wir-sind-bereits-mitten-in-der-planung-fuer-den\/#primaryimage\"},\"thumbnailUrl\":\"https:\/\/jbo-thum.de\/thumer-orchestertreff\/wp-content\/uploads\/2017\/03\/d5465452.jpg\",\"datePublished\":\"2017-03-12T12:22:13+00:00\",\"dateModified\":\"2017-03-19T11:13:11+00:00\",\"breadcrumb\":{\"@id\":\"https:\/\/jbo-thum.de\/thumer-orchestertreff\/wir-sind-bereits-mitten-in-der-planung-fuer-den\/#breadcrumb\"},\"inLanguage\":\"de\",\"potentialAction\":[{\"@type\":\"ReadAction\",\"target\":[\"https:\/\/jbo-thum.de\/thumer-orchestertreff\/wir-sind-bereits-mitten-in-der-planung-fuer-den\/\"]}]},{\"@type\":\"ImageObject\",\"inLanguage\":\"de\",\"@id\":\"https:\/\/jbo-thum.de\/thumer-orchestertreff\/wir-sind-bereits-mitten-in-der-planung-fuer-den\/#primaryimage\",\"url\":\"https:\/\/jbo-thum.de\/thumer-orchestertreff\/wp-content\/uploads\/2017\/03\/d5465452.jpg\",\"contentUrl\":\"https:\/\/jbo-thum.de\/thumer-orchestertreff\/wp-content\/uploads\/2017\/03\/d5465452.jpg\",\"width\":720,\"height\":501},{\"@type\":\"BreadcrumbList\",\"@id\":\"https:\/\/jbo-thum.de\/thumer-orchestertreff\/wir-sind-bereits-mitten-in-der-planung-fuer-den\/#breadcrumb\",\"itemListElement\":[{\"@type\":\"ListItem\",\"position\":1,\"name\":\"Startseite\",\"item\":\"https:\/\/jbo-thum.de\/thumer-orchestertreff\/\"},{\"@type\":\"ListItem\",\"position\":2,\"name\":\"Wir sind bereits mitten in der Planung f\u00fcr den &#8230;\"}]},{\"@type\":\"WebSite\",\"@id\":\"https:\/\/jbo-thum.de\/thumer-orchestertreff\/#website\",\"url\":\"https:\/\/jbo-thum.de\/thumer-orchestertreff\/\",\"name\":\"Dreiklang\",\"description\":\"11. &amp; 12. Juni 2022\",\"publisher\":{\"@id\":\"https:\/\/jbo-thum.de\/thumer-orchestertreff\/#organization\"},\"potentialAction\":[{\"@type\":\"SearchAction\",\"target\":{\"@type\":\"EntryPoint\",\"urlTemplate\":\"https:\/\/jbo-thum.de\/thumer-orchestertreff\/?s={search_term_string}\"},\"query-input\":{\"@type\":\"PropertyValueSpecification\",\"valueRequired\":true,\"valueName\":\"search_term_string\"}}],\"inLanguage\":\"de\"},{\"@type\":\"Organization\",\"@id\":\"https:\/\/jbo-thum.de\/thumer-orchestertreff\/#organization\",\"name\":\"Thumer Orchestertreff\",\"url\":\"https:\/\/jbo-thum.de\/thumer-orchestertreff\/\",\"logo\":{\"@type\":\"ImageObject\",\"inLanguage\":\"de\",\"@id\":\"https:\/\/jbo-thum.de\/thumer-orchestertreff\/#\/schema\/logo\/image\/\",\"url\":\"https:\/\/jbo-thum.de\/thumer-orchestertreff\/wp-content\/uploads\/2022\/05\/Dreiklang-Thum.png\",\"contentUrl\":\"https:\/\/jbo-thum.de\/thumer-orchestertreff\/wp-content\/uploads\/2022\/05\/Dreiklang-Thum.png\",\"width\":394,\"height\":137,\"caption\":\"Thumer Orchestertreff\"},\"image\":{\"@id\":\"https:\/\/jbo-thum.de\/thumer-orchestertreff\/#\/schema\/logo\/image\/\"},\"sameAs\":[\"https:\/\/www.facebook.com\/ThumerOrchestertreff\/\",\"https:\/\/www.instagram.com\/ThumerOrchestertreff\/\"]},{\"@type\":\"Person\",\"@id\":\"https:\/\/jbo-thum.de\/thumer-orchestertreff\/#\/schema\/person\/bcf52dc0d3bd186e73bc8c8e46474ee9\",\"name\":\"Thumer Orchestertreff\",\"image\":{\"@type\":\"ImageObject\",\"inLanguage\":\"de\",\"@id\":\"https:\/\/jbo-thum.de\/thumer-orchestertreff\/#\/schema\/person\/image\/\",\"url\":\"https:\/\/secure.gravatar.com\/avatar\/673e303657620b152b663a80c9bc883c?s=96&d=mm&r=g\",\"contentUrl\":\"https:\/\/secure.gravatar.com\/avatar\/673e303657620b152b663a80c9bc883c?s=96&d=mm&r=g\",\"caption\":\"Thumer Orchestertreff\"},\"sameAs\":[\"https:\/\/www.facebook.com\/ThumerOrchestertreff\"]}]}<\/script>\n<!-- \/ Yoast SEO plugin. -->","yoast_head_json":{"title":"Wir sind bereits mitten in der Planung f\u00fcr den ... | Dreiklang","robots":{"index":"index","follow":"follow","max-snippet":"max-snippet:-1","max-image-preview":"max-image-preview:large","max-video-preview":"max-video-preview:-1"},"canonical":"https:\/\/jbo-thum.de\/thumer-orchestertreff\/wir-sind-bereits-mitten-in-der-planung-fuer-den\/","og_locale":"de_DE","og_type":"article","og_title":"Wir sind bereits mitten in der Planung f\u00fcr den ... | Dreiklang","og_description":"Wir sind bereits mitten in der Planung f\u00fcr den #OT2017. Und das Programm nimmt bereits jetzt immer mehr Form an. In den n\u00e4chsten Wochen geben wir euch deshalb regelm\u00e4\u00dfig einen Einblick in das, was auf euch zum 27. Thumer Orchestertreff zukommt!","og_url":"https:\/\/jbo-thum.de\/thumer-orchestertreff\/wir-sind-bereits-mitten-in-der-planung-fuer-den\/","og_site_name":"Dreiklang","article_publisher":"https:\/\/www.facebook.com\/ThumerOrchestertreff\/","article_author":"https:\/\/www.facebook.com\/ThumerOrchestertreff","article_published_time":"2017-03-12T12:22:13+00:00","article_modified_time":"2017-03-19T11:13:11+00:00","og_image":[{"width":720,"height":501,"url":"https:\/\/jbo-thum.de\/thumer-orchestertreff\/wp-content\/uploads\/2017\/03\/d5465452.jpg","type":"image\/jpeg"}],"author":"Thumer Orchestertreff","twitter_card":"summary_large_image","twitter_misc":{"Verfasst von":"Thumer Orchestertreff"},"schema":{"@context":"https:\/\/schema.org","@graph":[{"@type":"Article","@id":"https:\/\/jbo-thum.de\/thumer-orchestertreff\/wir-sind-bereits-mitten-in-der-planung-fuer-den\/#article","isPartOf":{"@id":"https:\/\/jbo-thum.de\/thumer-orchestertreff\/wir-sind-bereits-mitten-in-der-planung-fuer-den\/"},"author":{"name":"Thumer Orchestertreff","@id":"https:\/\/jbo-thum.de\/thumer-orchestertreff\/#\/schema\/person\/bcf52dc0d3bd186e73bc8c8e46474ee9"},"headline":"Wir sind bereits mitten in der Planung f\u00fcr den &#8230;","datePublished":"2017-03-12T12:22:13+00:00","dateModified":"2017-03-19T11:13:11+00:00","mainEntityOfPage":{"@id":"https:\/\/jbo-thum.de\/thumer-orchestertreff\/wir-sind-bereits-mitten-in-der-planung-fuer-den\/"},"wordCount":53,"publisher":{"@id":"https:\/\/jbo-thum.de\/thumer-orchestertreff\/#organization"},"image":{"@id":"https:\/\/jbo-thum.de\/thumer-orchestertreff\/wir-sind-bereits-mitten-in-der-planung-fuer-den\/#primaryimage"},"thumbnailUrl":"https:\/\/jbo-thum.de\/thumer-orchestertreff\/wp-content\/uploads\/2017\/03\/d5465452.jpg","keywords":["OT2017"],"articleSection":["Aktuelles"],"inLanguage":"de"},{"@type":"WebPage","@id":"https:\/\/jbo-thum.de\/thumer-orchestertreff\/wir-sind-bereits-mitten-in-der-planung-fuer-den\/","url":"https:\/\/jbo-thum.de\/thumer-orchestertreff\/wir-sind-bereits-mitten-in-der-planung-fuer-den\/","name":"Wir sind bereits mitten in der Planung f\u00fcr den ... | Dreiklang","isPartOf":{"@id":"https:\/\/jbo-thum.de\/thumer-orchestertreff\/#website"},"primaryImageOfPage":{"@id":"https:\/\/jbo-thum.de\/thumer-orchestertreff\/wir-sind-bereits-mitten-in-der-planung-fuer-den\/#primaryimage"},"image":{"@id":"https:\/\/jbo-thum.de\/thumer-orchestertreff\/wir-sind-bereits-mitten-in-der-planung-fuer-den\/#primaryimage"},"thumbnailUrl":"https:\/\/jbo-thum.de\/thumer-orchestertreff\/wp-content\/uploads\/2017\/03\/d5465452.jpg","datePublished":"2017-03-12T12:22:13+00:00","dateModified":"2017-03-19T11:13:11+00:00","breadcrumb":{"@id":"https:\/\/jbo-thum.de\/thumer-orchestertreff\/wir-sind-bereits-mitten-in-der-planung-fuer-den\/#breadcrumb"},"inLanguage":"de","potentialAction":[{"@type":"ReadAction","target":["https:\/\/jbo-thum.de\/thumer-orchestertreff\/wir-sind-bereits-mitten-in-der-planung-fuer-den\/"]}]},{"@type":"ImageObject","inLanguage":"de","@id":"https:\/\/jbo-thum.de\/thumer-orchestertreff\/wir-sind-bereits-mitten-in-der-planung-fuer-den\/#primaryimage","url":"https:\/\/jbo-thum.de\/thumer-orchestertreff\/wp-content\/uploads\/2017\/03\/d5465452.jpg","contentUrl":"https:\/\/jbo-thum.de\/thumer-orchestertreff\/wp-content\/uploads\/2017\/03\/d5465452.jpg","width":720,"height":501},{"@type":"BreadcrumbList","@id":"https:\/\/jbo-thum.de\/thumer-orchestertreff\/wir-sind-bereits-mitten-in-der-planung-fuer-den\/#breadcrumb","itemListElement":[{"@type":"ListItem","position":1,"name":"Startseite","item":"https:\/\/jbo-thum.de\/thumer-orchestertreff\/"},{"@type":"ListItem","position":2,"name":"Wir sind bereits mitten in der Planung f\u00fcr den &#8230;"}]},{"@type":"WebSite","@id":"https:\/\/jbo-thum.de\/thumer-orchestertreff\/#website","url":"https:\/\/jbo-thum.de\/thumer-orchestertreff\/","name":"Dreiklang","description":"11. &amp; 12. Juni 2022","publisher":{"@id":"https:\/\/jbo-thum.de\/thumer-orchestertreff\/#organization"},"potentialAction":[{"@type":"SearchAction","target":{"@type":"EntryPoint","urlTemplate":"https:\/\/jbo-thum.de\/thumer-orchestertreff\/?s={search_term_string}"},"query-input":{"@type":"PropertyValueSpecification","valueRequired":true,"valueName":"search_term_string"}}],"inLanguage":"de"},{"@type":"Organization","@id":"https:\/\/jbo-thum.de\/thumer-orchestertreff\/#organization","name":"Thumer Orchestertreff","url":"https:\/\/jbo-thum.de\/thumer-orchestertreff\/","logo":{"@type":"ImageObject","inLanguage":"de","@id":"https:\/\/jbo-thum.de\/thumer-orchestertreff\/#\/schema\/logo\/image\/","url":"https:\/\/jbo-thum.de\/thumer-orchestertreff\/wp-content\/uploads\/2022\/05\/Dreiklang-Thum.png","contentUrl":"https:\/\/jbo-thum.de\/thumer-orchestertreff\/wp-content\/uploads\/2022\/05\/Dreiklang-Thum.png","width":394,"height":137,"caption":"Thumer Orchestertreff"},"image":{"@id":"https:\/\/jbo-thum.de\/thumer-orchestertreff\/#\/schema\/logo\/image\/"},"sameAs":["https:\/\/www.facebook.com\/ThumerOrchestertreff\/","https:\/\/www.instagram.com\/ThumerOrchestertreff\/"]},{"@type":"Person","@id":"https:\/\/jbo-thum.de\/thumer-orchestertreff\/#\/schema\/person\/bcf52dc0d3bd186e73bc8c8e46474ee9","name":"Thumer Orchestertreff","image":{"@type":"ImageObject","inLanguage":"de","@id":"https:\/\/jbo-thum.de\/thumer-orchestertreff\/#\/schema\/person\/image\/","url":"https:\/\/secure.gravatar.com\/avatar\/673e303657620b152b663a80c9bc883c?s=96&d=mm&r=g","contentUrl":"https:\/\/secure.gravatar.com\/avatar\/673e303657620b152b663a80c9bc883c?s=96&d=mm&r=g","caption":"Thumer Orchestertreff"},"sameAs":["https:\/\/www.facebook.com\/ThumerOrchestertreff"]}]}},"_links":{"self":[{"href":"https:\/\/jbo-thum.de\/thumer-orchestertreff\/wp-json\/wp\/v2\/posts\/190"}],"collection":[{"href":"https:\/\/jbo-thum.de\/thumer-orchestertreff\/wp-json\/wp\/v2\/posts"}],"about":[{"href":"https:\/\/jbo-thum.de\/thumer-orchestertreff\/wp-json\/wp\/v2\/types\/post"}],"author":[{"embeddable":true,"href":"https:\/\/jbo-thum.de\/thumer-orchestertreff\/wp-json\/wp\/v2\/users\/1"}],"replies":[{"embeddable":true,"href":"https:\/\/jbo-thum.de\/thumer-orchestertreff\/wp-json\/wp\/v2\/comments?post=190"}],"version-history":[{"count":1,"href":"https:\/\/jbo-thum.de\/thumer-orchestertreff\/wp-json\/wp\/v2\/posts\/190\/revisions"}],"predecessor-version":[{"id":192,"href":"https:\/\/jbo-thum.de\/thumer-orchestertreff\/wp-json\/wp\/v2\/posts\/190\/revisions\/192"}],"wp:featuredmedia":[{"embeddable":true,"href":"https:\/\/jbo-thum.de\/thumer-orchestertreff\/wp-json\/wp\/v2\/media\/191"}],"wp:attachment":[{"href":"https:\/\/jbo-thum.de\/thumer-orchestertreff\/wp-json\/wp\/v2\/media?parent=190"}],"wp:term":[{"taxonomy":"category","embeddable":true,"href":"https:\/\/jbo-thum.de\/thumer-orchestertreff\/wp-json\/wp\/v2\/categories?post=190"},{"taxonomy":"post_tag","embeddable":true,"href":"https:\/\/jbo-thum.de\/thumer-orchestertreff\/wp-json\/wp\/v2\/tags?post=190"}],"curies":[{"name":"wp","href":"https:\/\/api.w.org\/{rel}","templated":true}]}}