{"id":1234,"date":"2020-03-23T12:04:44","date_gmt":"2020-03-23T11:04:44","guid":{"rendered":"http:\/\/jbo-thum.de\/thumer-orchestertreff\/?p=1234"},"modified":"2020-03-23T12:06:34","modified_gmt":"2020-03-23T11:06:34","slug":"absage-des-30-thumer-orchestertreffs","status":"publish","type":"post","link":"https:\/\/jbo-thum.de\/thumer-orchestertreff\/absage-des-30-thumer-orchestertreffs\/","title":{"rendered":"Absage des 30. Thumer Orchestertreffs"},"content":{"rendered":"\n<p><strong>Erstens kommt es anders, und zweitens als man denkt\u2026 <\/strong><\/p>\n\n\n\n<p>Es sollte das\ngro\u00dfe Jubil\u00e4um werden, aber nach 29 Jahren geschieht nun das, was sich bis vor\nwenigen Wochen noch niemand vorstellen konnte: Der 30. Thumer Orchestertreff\nmuss um ein Jahr verschoben werden. \u201eDie aktuellen unvorhersehbaren Ereignisse\nzwingen uns dazu: Wir k\u00f6nnen und wollen es nicht verantworten, ein gro\u00dfes\nVolksfest zu veranstalten, das \u2013 selbst, wenn es \u201eerst\u201c im Juni stattfindet \u2013\nzur Verbreitung des Virus\u2018 beitragen kann. Darum mussten wir im Vorstand diese\nEntscheidung schweren Herzens treffen\u201c, sagt Dr. Andreas Naupert, Vorsitzender\ndes Vereins Jugendblasorchester der Stadt Thum\/Erzgeb. e. V. <\/p>\n\n\n\n<p>Aus diesem Grund sind ebenfalls die Jahreskonzerte der Bl\u00e4serphilharmonie Thum, die am 5. und 25. April h\u00e4tten stattfinden sollten, abgesagt. F\u00fcr alle Unterst\u00fctzer, Freunde, K\u00fcnstler, Partner und Mitglieder des Vereins gibt es aber einen Lichtblick: Aufgeschoben ist\u00a0 nicht aufgehoben! Auf das <strong>n\u00e4chste Jahr<\/strong> darf man sich daf\u00fcr umso mehr freuen, denn dann wird nicht nur der <strong>30. Thumer Orchestertreff (28.-30. Mai)<\/strong> gefeiert, sondern auch das <strong>60-j\u00e4hrige Bestehen der Bl\u00e4serphilharmonie Thum<\/strong>, unseres sinfonischen Blasorchesters.  \u201eIn dieser Zeit des Wartens k\u00f6nnen wir uns wieder auf die wesentlichen Dinge besinnen und die Zeit f\u00fcr Familie, gegenseitige Unterst\u00fctzung und vielleicht auch mal wieder Hausmusik oder improvisierte Familienorchester nutzen\u201c, schl\u00e4gt Naupert vor. \u201eUnd danach lassen wir es ordentlich krachen!\u201c <\/p>\n\n\n\n<p>Bei Fragen <a href=\"https:\/\/jbo-thum.de\/thumer-orchestertreff\/ueber-uns\/kontakt\/\">kontaktieren Sie bitte die Gesch\u00e4ftsstelle des Vereins <\/a>unter 037297 89817 oder <a href=\"mailto:info@jbo-thum.de\">info@jbo-thum.de<\/a>.<\/p>\n","protected":false},"excerpt":{"rendered":"<p>Erstens kommt es anders, und zweitens als man denkt\u2026 Es sollte das gro\u00dfe Jubil\u00e4um werden, aber nach 29 Jahren geschieht nun das, was sich bis vor wenigen Wochen noch niemand vorstellen konnte: Der 30. Thumer Orchestertreff muss um ein Jahr verschoben werden. \u201eDie aktuellen unvorhersehbaren Ereignisse zwingen uns dazu: Wir k\u00f6nnen und wollen es nicht&hellip;&nbsp;<a href=\"https:\/\/jbo-thum.de\/thumer-orchestertreff\/absage-des-30-thumer-orchestertreffs\/\" rel=\"bookmark\">Weiterlesen &raquo;<span class=\"screen-reader-text\">Absage des 30. Thumer Orchestertreffs<\/span><\/a><\/p>\n","protected":false},"author":1,"featured_media":1235,"comment_status":"closed","ping_status":"closed","sticky":false,"template":"","format":"standard","meta":{"rop_custom_images_group":[],"rop_custom_messages_group":[],"rop_publish_now":"initial","rop_publish_now_accounts":[],"rop_publish_now_history":[],"rop_publish_now_status":"pending","neve_meta_sidebar":"","neve_meta_container":"","neve_meta_enable_content_width":"","neve_meta_content_width":0,"neve_meta_title_alignment":"","neve_meta_author_avatar":"","neve_post_elements_order":"","neve_meta_disable_header":"","neve_meta_disable_footer":"","neve_meta_disable_title":"","footnotes":""},"categories":[1],"tags":[],"yoast_head":"<!-- This site is optimized with the Yoast SEO plugin v24.5 - https:\/\/yoast.com\/wordpress\/plugins\/seo\/ -->\n<title>Absage des 30. Thumer Orchestertreffs | Dreiklang<\/title>\n<meta name=\"robots\" content=\"index, follow, max-snippet:-1, max-image-preview:large, max-video-preview:-1\" \/>\n<link rel=\"canonical\" href=\"https:\/\/jbo-thum.de\/thumer-orchestertreff\/absage-des-30-thumer-orchestertreffs\/\" \/>\n<meta property=\"og:locale\" content=\"de_DE\" \/>\n<meta property=\"og:type\" content=\"article\" \/>\n<meta property=\"og:title\" content=\"Absage des 30. Thumer Orchestertreffs | Dreiklang\" \/>\n<meta property=\"og:description\" content=\"Erstens kommt es anders, und zweitens als man denkt\u2026 Es sollte das gro\u00dfe Jubil\u00e4um werden, aber nach 29 Jahren geschieht nun das, was sich bis vor wenigen Wochen noch niemand vorstellen konnte: Der 30. Thumer Orchestertreff muss um ein Jahr verschoben werden. \u201eDie aktuellen unvorhersehbaren Ereignisse zwingen uns dazu: Wir k\u00f6nnen und wollen es nicht&hellip;&nbsp;Weiterlesen &raquo;Absage des 30. Thumer Orchestertreffs\" \/>\n<meta property=\"og:url\" content=\"https:\/\/jbo-thum.de\/thumer-orchestertreff\/absage-des-30-thumer-orchestertreffs\/\" \/>\n<meta property=\"og:site_name\" content=\"Dreiklang\" \/>\n<meta property=\"article:publisher\" content=\"https:\/\/www.facebook.com\/ThumerOrchestertreff\/\" \/>\n<meta property=\"article:author\" content=\"https:\/\/www.facebook.com\/ThumerOrchestertreff\" \/>\n<meta property=\"article:published_time\" content=\"2020-03-23T11:04:44+00:00\" \/>\n<meta property=\"article:modified_time\" content=\"2020-03-23T11:06:34+00:00\" \/>\n<meta property=\"og:image\" content=\"https:\/\/jbo-thum.de\/thumer-orchestertreff\/wp-content\/uploads\/2020\/03\/Absage-Thumer_Orchestertreff-2020-sqr-scaled.jpg\" \/>\n\t<meta property=\"og:image:width\" content=\"2560\" \/>\n\t<meta property=\"og:image:height\" content=\"2560\" \/>\n\t<meta property=\"og:image:type\" content=\"image\/jpeg\" \/>\n<meta name=\"author\" content=\"Thumer Orchestertreff\" \/>\n<meta name=\"twitter:card\" content=\"summary_large_image\" \/>\n<meta name=\"twitter:label1\" content=\"Verfasst von\" \/>\n\t<meta name=\"twitter:data1\" content=\"Thumer Orchestertreff\" \/>\n\t<meta name=\"twitter:label2\" content=\"Gesch\u00e4tzte Lesezeit\" \/>\n\t<meta name=\"twitter:data2\" content=\"1\u00a0Minute\" \/>\n<script type=\"application\/ld+json\" class=\"yoast-schema-graph\">{\"@context\":\"https:\/\/schema.org\",\"@graph\":[{\"@type\":\"Article\",\"@id\":\"https:\/\/jbo-thum.de\/thumer-orchestertreff\/absage-des-30-thumer-orchestertreffs\/#article\",\"isPartOf\":{\"@id\":\"https:\/\/jbo-thum.de\/thumer-orchestertreff\/absage-des-30-thumer-orchestertreffs\/\"},\"author\":{\"name\":\"Thumer Orchestertreff\",\"@id\":\"https:\/\/jbo-thum.de\/thumer-orchestertreff\/#\/schema\/person\/bcf52dc0d3bd186e73bc8c8e46474ee9\"},\"headline\":\"Absage des 30. Thumer Orchestertreffs\",\"datePublished\":\"2020-03-23T11:04:44+00:00\",\"dateModified\":\"2020-03-23T11:06:34+00:00\",\"mainEntityOfPage\":{\"@id\":\"https:\/\/jbo-thum.de\/thumer-orchestertreff\/absage-des-30-thumer-orchestertreffs\/\"},\"wordCount\":244,\"publisher\":{\"@id\":\"https:\/\/jbo-thum.de\/thumer-orchestertreff\/#organization\"},\"image\":{\"@id\":\"https:\/\/jbo-thum.de\/thumer-orchestertreff\/absage-des-30-thumer-orchestertreffs\/#primaryimage\"},\"thumbnailUrl\":\"https:\/\/jbo-thum.de\/thumer-orchestertreff\/wp-content\/uploads\/2020\/03\/Absage-Thumer_Orchestertreff-2020-sqr-scaled.jpg\",\"articleSection\":[\"Aktuelles\"],\"inLanguage\":\"de\"},{\"@type\":\"WebPage\",\"@id\":\"https:\/\/jbo-thum.de\/thumer-orchestertreff\/absage-des-30-thumer-orchestertreffs\/\",\"url\":\"https:\/\/jbo-thum.de\/thumer-orchestertreff\/absage-des-30-thumer-orchestertreffs\/\",\"name\":\"Absage des 30. Thumer Orchestertreffs | Dreiklang\",\"isPartOf\":{\"@id\":\"https:\/\/jbo-thum.de\/thumer-orchestertreff\/#website\"},\"primaryImageOfPage\":{\"@id\":\"https:\/\/jbo-thum.de\/thumer-orchestertreff\/absage-des-30-thumer-orchestertreffs\/#primaryimage\"},\"image\":{\"@id\":\"https:\/\/jbo-thum.de\/thumer-orchestertreff\/absage-des-30-thumer-orchestertreffs\/#primaryimage\"},\"thumbnailUrl\":\"https:\/\/jbo-thum.de\/thumer-orchestertreff\/wp-content\/uploads\/2020\/03\/Absage-Thumer_Orchestertreff-2020-sqr-scaled.jpg\",\"datePublished\":\"2020-03-23T11:04:44+00:00\",\"dateModified\":\"2020-03-23T11:06:34+00:00\",\"breadcrumb\":{\"@id\":\"https:\/\/jbo-thum.de\/thumer-orchestertreff\/absage-des-30-thumer-orchestertreffs\/#breadcrumb\"},\"inLanguage\":\"de\",\"potentialAction\":[{\"@type\":\"ReadAction\",\"target\":[\"https:\/\/jbo-thum.de\/thumer-orchestertreff\/absage-des-30-thumer-orchestertreffs\/\"]}]},{\"@type\":\"ImageObject\",\"inLanguage\":\"de\",\"@id\":\"https:\/\/jbo-thum.de\/thumer-orchestertreff\/absage-des-30-thumer-orchestertreffs\/#primaryimage\",\"url\":\"https:\/\/jbo-thum.de\/thumer-orchestertreff\/wp-content\/uploads\/2020\/03\/Absage-Thumer_Orchestertreff-2020-sqr-scaled.jpg\",\"contentUrl\":\"https:\/\/jbo-thum.de\/thumer-orchestertreff\/wp-content\/uploads\/2020\/03\/Absage-Thumer_Orchestertreff-2020-sqr-scaled.jpg\",\"width\":2560,\"height\":2560},{\"@type\":\"BreadcrumbList\",\"@id\":\"https:\/\/jbo-thum.de\/thumer-orchestertreff\/absage-des-30-thumer-orchestertreffs\/#breadcrumb\",\"itemListElement\":[{\"@type\":\"ListItem\",\"position\":1,\"name\":\"Startseite\",\"item\":\"https:\/\/jbo-thum.de\/thumer-orchestertreff\/\"},{\"@type\":\"ListItem\",\"position\":2,\"name\":\"Absage des 30. Thumer Orchestertreffs\"}]},{\"@type\":\"WebSite\",\"@id\":\"https:\/\/jbo-thum.de\/thumer-orchestertreff\/#website\",\"url\":\"https:\/\/jbo-thum.de\/thumer-orchestertreff\/\",\"name\":\"Dreiklang\",\"description\":\"11. &amp; 12. Juni 2022\",\"publisher\":{\"@id\":\"https:\/\/jbo-thum.de\/thumer-orchestertreff\/#organization\"},\"potentialAction\":[{\"@type\":\"SearchAction\",\"target\":{\"@type\":\"EntryPoint\",\"urlTemplate\":\"https:\/\/jbo-thum.de\/thumer-orchestertreff\/?s={search_term_string}\"},\"query-input\":{\"@type\":\"PropertyValueSpecification\",\"valueRequired\":true,\"valueName\":\"search_term_string\"}}],\"inLanguage\":\"de\"},{\"@type\":\"Organization\",\"@id\":\"https:\/\/jbo-thum.de\/thumer-orchestertreff\/#organization\",\"name\":\"Thumer Orchestertreff\",\"url\":\"https:\/\/jbo-thum.de\/thumer-orchestertreff\/\",\"logo\":{\"@type\":\"ImageObject\",\"inLanguage\":\"de\",\"@id\":\"https:\/\/jbo-thum.de\/thumer-orchestertreff\/#\/schema\/logo\/image\/\",\"url\":\"https:\/\/jbo-thum.de\/thumer-orchestertreff\/wp-content\/uploads\/2022\/05\/Dreiklang-Thum.png\",\"contentUrl\":\"https:\/\/jbo-thum.de\/thumer-orchestertreff\/wp-content\/uploads\/2022\/05\/Dreiklang-Thum.png\",\"width\":394,\"height\":137,\"caption\":\"Thumer Orchestertreff\"},\"image\":{\"@id\":\"https:\/\/jbo-thum.de\/thumer-orchestertreff\/#\/schema\/logo\/image\/\"},\"sameAs\":[\"https:\/\/www.facebook.com\/ThumerOrchestertreff\/\",\"https:\/\/www.instagram.com\/ThumerOrchestertreff\/\"]},{\"@type\":\"Person\",\"@id\":\"https:\/\/jbo-thum.de\/thumer-orchestertreff\/#\/schema\/person\/bcf52dc0d3bd186e73bc8c8e46474ee9\",\"name\":\"Thumer Orchestertreff\",\"image\":{\"@type\":\"ImageObject\",\"inLanguage\":\"de\",\"@id\":\"https:\/\/jbo-thum.de\/thumer-orchestertreff\/#\/schema\/person\/image\/\",\"url\":\"https:\/\/secure.gravatar.com\/avatar\/673e303657620b152b663a80c9bc883c?s=96&d=mm&r=g\",\"contentUrl\":\"https:\/\/secure.gravatar.com\/avatar\/673e303657620b152b663a80c9bc883c?s=96&d=mm&r=g\",\"caption\":\"Thumer Orchestertreff\"},\"sameAs\":[\"https:\/\/www.facebook.com\/ThumerOrchestertreff\"]}]}<\/script>\n<!-- \/ Yoast SEO plugin. -->","yoast_head_json":{"title":"Absage des 30. Thumer Orchestertreffs | Dreiklang","robots":{"index":"index","follow":"follow","max-snippet":"max-snippet:-1","max-image-preview":"max-image-preview:large","max-video-preview":"max-video-preview:-1"},"canonical":"https:\/\/jbo-thum.de\/thumer-orchestertreff\/absage-des-30-thumer-orchestertreffs\/","og_locale":"de_DE","og_type":"article","og_title":"Absage des 30. Thumer Orchestertreffs | Dreiklang","og_description":"Erstens kommt es anders, und zweitens als man denkt\u2026 Es sollte das gro\u00dfe Jubil\u00e4um werden, aber nach 29 Jahren geschieht nun das, was sich bis vor wenigen Wochen noch niemand vorstellen konnte: Der 30. Thumer Orchestertreff muss um ein Jahr verschoben werden. \u201eDie aktuellen unvorhersehbaren Ereignisse zwingen uns dazu: Wir k\u00f6nnen und wollen es nicht&hellip;&nbsp;Weiterlesen &raquo;Absage des 30. Thumer Orchestertreffs","og_url":"https:\/\/jbo-thum.de\/thumer-orchestertreff\/absage-des-30-thumer-orchestertreffs\/","og_site_name":"Dreiklang","article_publisher":"https:\/\/www.facebook.com\/ThumerOrchestertreff\/","article_author":"https:\/\/www.facebook.com\/ThumerOrchestertreff","article_published_time":"2020-03-23T11:04:44+00:00","article_modified_time":"2020-03-23T11:06:34+00:00","og_image":[{"width":2560,"height":2560,"url":"https:\/\/jbo-thum.de\/thumer-orchestertreff\/wp-content\/uploads\/2020\/03\/Absage-Thumer_Orchestertreff-2020-sqr-scaled.jpg","type":"image\/jpeg"}],"author":"Thumer Orchestertreff","twitter_card":"summary_large_image","twitter_misc":{"Verfasst von":"Thumer Orchestertreff","Gesch\u00e4tzte Lesezeit":"1\u00a0Minute"},"schema":{"@context":"https:\/\/schema.org","@graph":[{"@type":"Article","@id":"https:\/\/jbo-thum.de\/thumer-orchestertreff\/absage-des-30-thumer-orchestertreffs\/#article","isPartOf":{"@id":"https:\/\/jbo-thum.de\/thumer-orchestertreff\/absage-des-30-thumer-orchestertreffs\/"},"author":{"name":"Thumer Orchestertreff","@id":"https:\/\/jbo-thum.de\/thumer-orchestertreff\/#\/schema\/person\/bcf52dc0d3bd186e73bc8c8e46474ee9"},"headline":"Absage des 30. Thumer Orchestertreffs","datePublished":"2020-03-23T11:04:44+00:00","dateModified":"2020-03-23T11:06:34+00:00","mainEntityOfPage":{"@id":"https:\/\/jbo-thum.de\/thumer-orchestertreff\/absage-des-30-thumer-orchestertreffs\/"},"wordCount":244,"publisher":{"@id":"https:\/\/jbo-thum.de\/thumer-orchestertreff\/#organization"},"image":{"@id":"https:\/\/jbo-thum.de\/thumer-orchestertreff\/absage-des-30-thumer-orchestertreffs\/#primaryimage"},"thumbnailUrl":"https:\/\/jbo-thum.de\/thumer-orchestertreff\/wp-content\/uploads\/2020\/03\/Absage-Thumer_Orchestertreff-2020-sqr-scaled.jpg","articleSection":["Aktuelles"],"inLanguage":"de"},{"@type":"WebPage","@id":"https:\/\/jbo-thum.de\/thumer-orchestertreff\/absage-des-30-thumer-orchestertreffs\/","url":"https:\/\/jbo-thum.de\/thumer-orchestertreff\/absage-des-30-thumer-orchestertreffs\/","name":"Absage des 30. Thumer Orchestertreffs | Dreiklang","isPartOf":{"@id":"https:\/\/jbo-thum.de\/thumer-orchestertreff\/#website"},"primaryImageOfPage":{"@id":"https:\/\/jbo-thum.de\/thumer-orchestertreff\/absage-des-30-thumer-orchestertreffs\/#primaryimage"},"image":{"@id":"https:\/\/jbo-thum.de\/thumer-orchestertreff\/absage-des-30-thumer-orchestertreffs\/#primaryimage"},"thumbnailUrl":"https:\/\/jbo-thum.de\/thumer-orchestertreff\/wp-content\/uploads\/2020\/03\/Absage-Thumer_Orchestertreff-2020-sqr-scaled.jpg","datePublished":"2020-03-23T11:04:44+00:00","dateModified":"2020-03-23T11:06:34+00:00","breadcrumb":{"@id":"https:\/\/jbo-thum.de\/thumer-orchestertreff\/absage-des-30-thumer-orchestertreffs\/#breadcrumb"},"inLanguage":"de","potentialAction":[{"@type":"ReadAction","target":["https:\/\/jbo-thum.de\/thumer-orchestertreff\/absage-des-30-thumer-orchestertreffs\/"]}]},{"@type":"ImageObject","inLanguage":"de","@id":"https:\/\/jbo-thum.de\/thumer-orchestertreff\/absage-des-30-thumer-orchestertreffs\/#primaryimage","url":"https:\/\/jbo-thum.de\/thumer-orchestertreff\/wp-content\/uploads\/2020\/03\/Absage-Thumer_Orchestertreff-2020-sqr-scaled.jpg","contentUrl":"https:\/\/jbo-thum.de\/thumer-orchestertreff\/wp-content\/uploads\/2020\/03\/Absage-Thumer_Orchestertreff-2020-sqr-scaled.jpg","width":2560,"height":2560},{"@type":"BreadcrumbList","@id":"https:\/\/jbo-thum.de\/thumer-orchestertreff\/absage-des-30-thumer-orchestertreffs\/#breadcrumb","itemListElement":[{"@type":"ListItem","position":1,"name":"Startseite","item":"https:\/\/jbo-thum.de\/thumer-orchestertreff\/"},{"@type":"ListItem","position":2,"name":"Absage des 30. Thumer Orchestertreffs"}]},{"@type":"WebSite","@id":"https:\/\/jbo-thum.de\/thumer-orchestertreff\/#website","url":"https:\/\/jbo-thum.de\/thumer-orchestertreff\/","name":"Dreiklang","description":"11. &amp; 12. Juni 2022","publisher":{"@id":"https:\/\/jbo-thum.de\/thumer-orchestertreff\/#organization"},"potentialAction":[{"@type":"SearchAction","target":{"@type":"EntryPoint","urlTemplate":"https:\/\/jbo-thum.de\/thumer-orchestertreff\/?s={search_term_string}"},"query-input":{"@type":"PropertyValueSpecification","valueRequired":true,"valueName":"search_term_string"}}],"inLanguage":"de"},{"@type":"Organization","@id":"https:\/\/jbo-thum.de\/thumer-orchestertreff\/#organization","name":"Thumer Orchestertreff","url":"https:\/\/jbo-thum.de\/thumer-orchestertreff\/","logo":{"@type":"ImageObject","inLanguage":"de","@id":"https:\/\/jbo-thum.de\/thumer-orchestertreff\/#\/schema\/logo\/image\/","url":"https:\/\/jbo-thum.de\/thumer-orchestertreff\/wp-content\/uploads\/2022\/05\/Dreiklang-Thum.png","contentUrl":"https:\/\/jbo-thum.de\/thumer-orchestertreff\/wp-content\/uploads\/2022\/05\/Dreiklang-Thum.png","width":394,"height":137,"caption":"Thumer Orchestertreff"},"image":{"@id":"https:\/\/jbo-thum.de\/thumer-orchestertreff\/#\/schema\/logo\/image\/"},"sameAs":["https:\/\/www.facebook.com\/ThumerOrchestertreff\/","https:\/\/www.instagram.com\/ThumerOrchestertreff\/"]},{"@type":"Person","@id":"https:\/\/jbo-thum.de\/thumer-orchestertreff\/#\/schema\/person\/bcf52dc0d3bd186e73bc8c8e46474ee9","name":"Thumer Orchestertreff","image":{"@type":"ImageObject","inLanguage":"de","@id":"https:\/\/jbo-thum.de\/thumer-orchestertreff\/#\/schema\/person\/image\/","url":"https:\/\/secure.gravatar.com\/avatar\/673e303657620b152b663a80c9bc883c?s=96&d=mm&r=g","contentUrl":"https:\/\/secure.gravatar.com\/avatar\/673e303657620b152b663a80c9bc883c?s=96&d=mm&r=g","caption":"Thumer Orchestertreff"},"sameAs":["https:\/\/www.facebook.com\/ThumerOrchestertreff"]}]}},"_links":{"self":[{"href":"https:\/\/jbo-thum.de\/thumer-orchestertreff\/wp-json\/wp\/v2\/posts\/1234"}],"collection":[{"href":"https:\/\/jbo-thum.de\/thumer-orchestertreff\/wp-json\/wp\/v2\/posts"}],"about":[{"href":"https:\/\/jbo-thum.de\/thumer-orchestertreff\/wp-json\/wp\/v2\/types\/post"}],"author":[{"embeddable":true,"href":"https:\/\/jbo-thum.de\/thumer-orchestertreff\/wp-json\/wp\/v2\/users\/1"}],"replies":[{"embeddable":true,"href":"https:\/\/jbo-thum.de\/thumer-orchestertreff\/wp-json\/wp\/v2\/comments?post=1234"}],"version-history":[{"count":3,"href":"https:\/\/jbo-thum.de\/thumer-orchestertreff\/wp-json\/wp\/v2\/posts\/1234\/revisions"}],"predecessor-version":[{"id":1240,"href":"https:\/\/jbo-thum.de\/thumer-orchestertreff\/wp-json\/wp\/v2\/posts\/1234\/revisions\/1240"}],"wp:featuredmedia":[{"embeddable":true,"href":"https:\/\/jbo-thum.de\/thumer-orchestertreff\/wp-json\/wp\/v2\/media\/1235"}],"wp:attachment":[{"href":"https:\/\/jbo-thum.de\/thumer-orchestertreff\/wp-json\/wp\/v2\/media?parent=1234"}],"wp:term":[{"taxonomy":"category","embeddable":true,"href":"https:\/\/jbo-thum.de\/thumer-orchestertreff\/wp-json\/wp\/v2\/categories?post=1234"},{"taxonomy":"post_tag","embeddable":true,"href":"https:\/\/jbo-thum.de\/thumer-orchestertreff\/wp-json\/wp\/v2\/tags?post=1234"}],"curies":[{"name":"wp","href":"https:\/\/api.w.org\/{rel}","templated":true}]}}